{"id":18854,"date":"2013-04-30T17:25:36","date_gmt":"2013-04-30T17:25:36","guid":{"rendered":"http:\/\/162.217.168.59\/?p=18854"},"modified":"2023-03-22T15:24:50","modified_gmt":"2023-03-22T19:24:50","slug":"ceo-of-ducks-unlimited-canada-joins-sfi-board","status":"publish","type":"post","link":"https:\/\/forests.org\/fr\/ceo-of-ducks-unlimited-canada-joins-sfi-board\/","title":{"rendered":"CEO of Ducks Unlimited Canada Joins SFI Board of Directors"},"content":{"rendered":"<div class=\"fusion-fullwidth fullwidth-box fusion-builder-row-1 fusion-flex-container has-pattern-background has-mask-background hundred-percent-fullwidth non-hundred-percent-height-scrolling\" style=\"--awb-border-radius-top-left:0px;--awb-border-radius-top-right:0px;--awb-border-radius-bottom-right:0px;--awb-border-radius-bottom-left:0px;--awb-flex-wrap:wrap;\" ><div class=\"fusion-builder-row fusion-row fusion-flex-align-items-flex-start fusion-flex-content-wrap\" style=\"width:104% !important;max-width:104% !important;margin-left: calc(-4% \/ 2 );margin-right: calc(-4% \/ 2 );\"><div class=\"fusion-layout-column fusion_builder_column fusion-builder-column-0 fusion_builder_column_3_4 3_4 fusion-flex-column\" style=\"--awb-bg-size:cover;--awb-width-large:75%;--awb-margin-top-large:0px;--awb-spacing-right-large:2.56%;--awb-margin-bottom-large:20px;--awb-spacing-left-large:2.56%;--awb-width-medium:100%;--awb-spacing-right-medium:1.92%;--awb-spacing-left-medium:1.92%;--awb-width-small:100%;--awb-spacing-right-small:1.92%;--awb-spacing-left-small:1.92%;\"><div class=\"fusion-column-wrapper fusion-flex-justify-content-flex-start fusion-content-layout-column\"><div class=\"fusion-text fusion-text-1\"><p><strong>WASHINGTON, DC<\/strong> &#8211; Greg Siekaniec, Chief Executive Officer of Ducks Unlimited Canada, has been elected to the independent Sustainable Forestry Initiative Inc. \u00a0(SFI) Board of Directors. Mr. Siekaniec\u2019s election fills an open position with the SFI board\u2019s environmental chamber.<\/p>\n<p>\u201cGreg Siekaniec is an outstanding leader who has dedicated his professional life to wildlife conservation and management, and he will make a strong contribution to our multi-disciplinary board,\u201d said Kathy Abusow, SFI President and CEO. \u201cI look forward to working closely with Greg and Ducks Unlimited Canada for the future of our forests.\u201d<\/p>\n<p>\u201cI am pleased to join the SFI board and to represent Ducks Unlimited Canada. Our mission to conserve, restore and manage wetlands and associated habitat closely aligns with the work of the SFI,\u201d said Mr. Siekaniec. \u201cCanada\u2019s boreal forest is a vast and extremely significant nesting area for millions of ducks, geese and other birds. Ensuring forests are managed in a sustainable manner to protect wetland ecosystems is a shared priority among our organizations.\u201d<\/p>\n<p>Ducks Unlimited Canada (DUC) is a leader in wetland conservation, with over 400 staff and 9,112 on-the-ground projects that conserve more than 6.3 million acres of wetlands like marshes and ponds across Canada. Siekaniec oversees all of DUC\u2019s conservation programs, including scientific research, education, fundraising and public policy.<\/p>\n<p>Before joining DUC, Siekaniec served 28 years with the U.S. Fish and Wildlife Service (USFWS), last serving as the Deputy Director for Policy and Management. The early part of his career was spent working in the prairies of North Dakota on a North American Waterfowl Management Plan project. He worked with private landowners restoring wetland basins and improving their lands for waterfowl conservation purposes.<\/p>\n<p>SFI also announced the election of its new officers: SFI Chairman Larry Selzer, President and CEO of The Conservation Fund; SFI Vice Chairman Craig Blair, President and CEO of Resource Management Service LLC (RMS); and SFI Secretary-Treasurer Richard Brinker, Dean Emeritus, School of Forestry and Wildlife Sciences, Auburn University. Robert Luoto remains on the board as Immediate Past Chair; he represents independent professional loggers and the American Loggers Council. Selzer, Blair and Brinker represent the environmental, economic and social chambers of the SFI board, respectively.<\/p>\n<p>SFI Inc.\u2019s 18-member board represents environmental, social and economic sectors equally to meet the many needs of forests and communities. The board members include representatives of environmental, professional and academic groups, independent loggers, family forest landowners, public officials, labor and the forest products sector. All three officers were appointed to two-year terms. Mr. Siekaniec was appointed to a three-year board term.<\/p>\n<p><b><br \/>\nFULL SIEKANIEC BIO\u00a0<\/b><\/p>\n<p><b>Greg Siekaniec<br \/>\n<\/b><b>Chief Executive Officer\u00a0<\/b><\/p>\n<p>In July 2012, Greg Siekaniec assumed the role of Chief Executive Officer (CEO) for Ducks Unlimited Canada (DUC). The leader in wetland conservation, DUC has over 400 staff and 9,112 on-the-ground projects that conserve over 6.3 million acres of wetlands like marshes and ponds across Canada. Greg oversees all of DUC\u2019s conservation programs, which include scientific research, education, fundraising and public policy.<\/p>\n<p>Before joining DUC, Greg had a long and illustrious 28-year career with the U.S. Fish and Wildlife Service (USFWS), last serving as the Deputy Director for Policy and Management. His career has included, among others, positions as the Assistant Director for the National Wildlife Refuge System and the Refuge Manager of Alaska Maritime National Wildlife Refuge. In recognition of his outstanding leadership, dedication and great contributions to the USFWS, Greg was awarded the Distinguished Service Award \u2013 the highest honour of the Department of the Interior.<\/p>\n<p>Greg was raised in the Red River Valley area of Minnesota at Moorhead. The early part of his career was spent working in the prairies of North Dakota on a North American Waterfowl Management Plan project. He was the first Project Manager of the Chase Lake Prairie Project (1989-92) as part of the Prairie Pothole Joint Venture in North Dakota. He worked with private landowners restoring wetland basins and improving their lands for waterfowl conservation purposes. He firmly believes that in today&rsquo;s landscape no one organization, landowner or agency can succeed on their own in conserving waterfowl populations for future generations.<\/p>\n<p>Greg earned a Bachelor&rsquo;s Degree in Wildlife Biology from the University of Montana. He completed the Senior Executive Service Candidate Development Program in 2008, the same year that he completed the Senior Executive Fellows Program at Harvard University\u2019s John F. Kennedy School of Government.<\/p>\n<p>Now making his home near East Selkirk, Manitoba \u2013 not far from DUC\u2019s head office at Oak Hammock Marsh \u2013 Greg and his wife Janelle enjoy spending time outdoors. The entire Siekaniec family shares a passion and concern for Canada\u2019s natural areas and wildlife.<\/p>\n<\/div><\/div><\/div><div class=\"fusion-layout-column fusion_builder_column fusion-builder-column-1 fusion_builder_column_1_4 1_4 fusion-flex-column\" style=\"--awb-bg-size:cover;--awb-width-large:25%;--awb-margin-top-large:0px;--awb-spacing-right-large:7.68%;--awb-margin-bottom-large:20px;--awb-spacing-left-large:7.68%;--awb-width-medium:100%;--awb-spacing-right-medium:1.92%;--awb-spacing-left-medium:1.92%;--awb-width-small:100%;--awb-spacing-right-small:1.92%;--awb-spacing-left-small:1.92%;\"><div class=\"fusion-column-wrapper fusion-flex-justify-content-flex-start fusion-content-layout-column\"><div class=\"fusion-text fusion-text-2 fusion-text-no-margin\" style=\"--awb-margin-top:-20px;--awb-margin-bottom:20px;\"><p><div class=\"fusion-widget-area awb-widget-area-element fusion-widget-area-1 fusion-content-widget-area\" style=\"--awb-margin-top:0px;--awb-title-color:#6b6b6b;--awb-padding:0px 0px 0px 0px;\"><div id=\"custom_html-41\" class=\"widget_text widget widget_custom_html\" style=\"border-style: solid;border-color:transparent;border-width:0px;\"><div class=\"textwidget custom-html-widget\"><h4><a href=\"\/sfiinbrief\">SFI IN BRIEF<\/a><\/h4>\r\n<a href=\"https:\/\/sustainableforestryinitiativeinc.my.salesforce-sites.com\/formstack\/apex\/VisualAntidote__HostedFastForm?h=CIHEF\" target=\"_blank\"><b>SIGN UP<\/b><\/a> to receive our Monthly Newsletter.\r\n<div class=\"fusion-separator fusion-full-width-sep\" style=\"align-self: center;margin-left: auto;margin-right: auto;margin-top:20px;margin-bottom:10px;width:100%;\"><div class=\"fusion-separator-border sep-single sep-solid\" style=\"--awb-height:20px;--awb-amount:20px;--awb-sep-color:#d6d6d6;border-color:#d6d6d6;border-top-width:1px;\"><\/div><\/div>\r\n<h4><a href=\"\/blog\/\">SFI BLOG<\/a><\/h4>\r\n<a href=\"https:\/\/sustainableforestryinitiativeinc.my.salesforce-sites.com\/formstack\/apex\/VisualAntidote__HostedFastForm?h=BB2NL\" target=\"_blank\"><b>SIGN UP<\/b><\/a> to receive notice of our latest posts.\r\n<div class=\"fusion-separator fusion-full-width-sep\" style=\"align-self: center;margin-left: auto;margin-right: auto;margin-top:20px;margin-bottom:10px;width:100%;\"><div class=\"fusion-separator-border sep-single sep-solid\" style=\"--awb-height:20px;--awb-amount:20px;--awb-sep-color:#d6d6d6;border-color:#d6d6d6;border-top-width:1px;\"><\/div><\/div>\r\n<h4><a href=\"\/newsreleases\">NEWS RELEASES<\/a><\/h4>\r\n<a href=\"https:\/\/sustainableforestryinitiativeinc.my.salesforce-sites.com\/formstack\/apex\/VisualAntidote__HostedFastForm?h=NXR7Y\" target=\"_blank\"><b>SIGN UP<\/b><\/a> to receive the latest SFI Related News.\r\n<div class=\"fusion-separator fusion-full-width-sep\" style=\"align-self: center;margin-left: auto;margin-right: auto;margin-top:20px;margin-bottom:0px;width:100%;\"><div class=\"fusion-separator-border sep-single sep-solid\" style=\"--awb-height:20px;--awb-amount:20px;--awb-sep-color:#d6d6d6;border-color:#d6d6d6;border-top-width:1px;\"><\/div><\/div><\/div><\/div><div id=\"custom_html-38\" class=\"widget_text widget widget_custom_html\" style=\"border-style: solid;border-color:transparent;border-width:0px;\"><div class=\"textwidget custom-html-widget\"><div class=\"fusion-modal modal fade modal-1 Brief-signup\" tabindex=\"-1\" role=\"dialog\" aria-labelledby=\"modal-heading-1\" aria-hidden=\"true\" style=\"--awb-border-color:#ebebeb;--awb-background:#f6f6f6;\"><div class=\"modal-dialog modal-lg\" role=\"document\"><div class=\"modal-content fusion-modal-content\"><div class=\"modal-header\"><button class=\"close\" type=\"button\" data-dismiss=\"modal\" aria-hidden=\"true\" aria-label=\"Close\">&times;<\/button><h3 class=\"modal-title\" id=\"modal-heading-1\" data-dismiss=\"modal\" aria-hidden=\"true\"><\/h3><\/div><div class=\"modal-body fusion-clearfix\">\r\n<script type=\"text\/javascript\" id=\"jsFastForms\" src=\"https:\/\/sustainableforestryinitiativeinc.my.salesforce-sites.com\/formstack\/services\/apexrest\/VisualAntidote\/FFNEngine\/v1\/?d=kcqbwhSaMj2huYixpD3BnQ%3D%3D\"><\/script>\r\n<\/div><div class=\"modal-footer\"><button class=\"fusion-button button-default button-medium button default medium\" type=\"button\" data-dismiss=\"modal\">Close<\/button><\/div><\/div><\/div><\/div>\r\n<\/div><\/div><div id=\"custom_html-39\" class=\"widget_text widget widget_custom_html\" style=\"border-style: solid;border-color:transparent;border-width:0px;\"><div class=\"textwidget custom-html-widget\"><div class=\"fusion-modal modal fade modal-2 Blog-signup\" tabindex=\"-1\" role=\"dialog\" aria-labelledby=\"modal-heading-2\" aria-hidden=\"true\" style=\"--awb-border-color:#ebebeb;--awb-background:#f6f6f6;\"><div class=\"modal-dialog modal-lg\" role=\"document\"><div class=\"modal-content fusion-modal-content\"><div class=\"modal-header\"><button class=\"close\" type=\"button\" data-dismiss=\"modal\" aria-hidden=\"true\" aria-label=\"Close\">&times;<\/button><h3 class=\"modal-title\" id=\"modal-heading-2\" data-dismiss=\"modal\" aria-hidden=\"true\"><\/h3><\/div><div class=\"modal-body fusion-clearfix\">\r\n<script type=\"text\/javascript\" id=\"jsFastForms\" src=\"https:\/\/sustainableforestryinitiativeinc.my.salesforce-sites.com\/formstack\/services\/apexrest\/VisualAntidote\/FFNEngine\/v1\/?d=XasaKLriZGcp9auCn97pPw%3D%3D\"><\/script>\r\n<\/div><div class=\"modal-footer\"><button class=\"fusion-button button-default button-medium button default medium\" type=\"button\" data-dismiss=\"modal\">Close<\/button><\/div><\/div><\/div><\/div><\/div><\/div><div id=\"custom_html-40\" class=\"widget_text widget widget_custom_html\" style=\"border-style: solid;border-color:transparent;border-width:0px;\"><div class=\"textwidget custom-html-widget\"><div class=\"fusion-modal modal fade modal-3 News-signup\" tabindex=\"-1\" role=\"dialog\" aria-labelledby=\"modal-heading-3\" aria-hidden=\"true\" style=\"--awb-border-color:#ebebeb;--awb-background:#f6f6f6;\"><div class=\"modal-dialog modal-lg\" role=\"document\"><div class=\"modal-content fusion-modal-content\"><div class=\"modal-header\"><button class=\"close\" type=\"button\" data-dismiss=\"modal\" aria-hidden=\"true\" aria-label=\"Close\">&times;<\/button><h3 class=\"modal-title\" id=\"modal-heading-3\" data-dismiss=\"modal\" aria-hidden=\"true\"><\/h3><\/div><div class=\"modal-body fusion-clearfix\">\r\n<script type=\"text\/javascript\" id=\"jsFastForms\" src=\"https:\/\/sustainableforestryinitiativeinc.my.salesforce-sites.com\/formstack\/services\/apexrest\/VisualAntidote\/FFNEngine\/v1\/?d=VJbAc0sgRUKtIfMEpK32Xw%3D%3D\"><\/script>\r\n<\/div><div class=\"modal-footer\"><button class=\"fusion-button button-default button-medium button default medium\" type=\"button\" data-dismiss=\"modal\">Close<\/button><\/div><\/div><\/div><\/div><\/div><\/div><div id=\"text-50\" class=\"widget widget_text\" style=\"border-style: solid;border-color:transparent;border-width:0px;\">\t\t\t<div class=\"textwidget\"><div class=\"fusion-modal modal fade modal-4 Brief-signup\" tabindex=\"-1\" role=\"dialog\" aria-labelledby=\"modal-heading-4\" aria-hidden=\"true\" style=\"--awb-border-color:#ebebeb;--awb-background:#f6f6f6;\"><div class=\"modal-dialog modal-sm\" role=\"document\"><div class=\"modal-content fusion-modal-content\"><div class=\"modal-header\"><button class=\"close\" type=\"button\" data-dismiss=\"modal\" aria-hidden=\"true\" aria-label=\"Close\">&times;<\/button><h3 class=\"modal-title\" id=\"modal-heading-4\" data-dismiss=\"modal\" aria-hidden=\"true\"><\/h3><\/div><div class=\"modal-body fusion-clearfix\">\r\n<h3 style=\"text-align: center;\">SFI In Brief Newsletter<\/h3>\r\n<span style=\"text-align: center;\">Sign up to receive a monthly email with our latest updates.<\/span>\r\n<p style=\"text-align: center;\"><p class=\"wpcf7-contact-form-not-found\"><strong>Erreur\u00a0:<\/strong> Formulaire de contact non trouv\u00e9\u00a0!<\/p><\/p>\r\n\r\n<h6>This site is protected by reCAPTCHA and the Google\r\n<a href=\"https:\/\/policies.google.com\/privacy\" rel=\"nofollow ugc\">Privacy Policy<\/a> and\r\n<a href=\"https:\/\/policies.google.com\/terms\" rel=\"nofollow ugc\">Terms of Service<\/a> apply.<\/h6>\r\n<\/div><\/div><\/div><\/div><\/div>\n\t\t<\/div><div class=\"fusion-additional-widget-content\"><\/div><\/div><div class=\"fusion-separator fusion-full-width-sep\" style=\"align-self: center;margin-left: auto;margin-right: auto;margin-bottom:60px;width:100%;\"><\/div><div class=\"fusion-image-element \" style=\"text-align:center;--awb-max-width:250px;--awb-caption-title-font-family:var(--h2_typography-font-family);--awb-caption-title-font-weight:var(--h2_typography-font-weight);--awb-caption-title-font-style:var(--h2_typography-font-style);--awb-caption-title-size:var(--h2_typography-font-size);--awb-caption-title-transform:var(--h2_typography-text-transform);--awb-caption-title-line-height:var(--h2_typography-line-height);--awb-caption-title-letter-spacing:var(--h2_typography-letter-spacing);\"><span class=\" fusion-imageframe imageframe-none imageframe-1 hover-type-none\"><img decoding=\"async\" width=\"300\" height=\"300\" alt=\"SFI logo\" title=\"SFI logo\" src=\"https:\/\/forests.org\/wp-content\/uploads\/SFI_00001_new.svg\" data-orig-src=\"https:\/\/forests.org\/wp-content\/uploads\/SFI_00001_new.svg\" class=\"lazyload img-responsive wp-image-787610\" srcset=\"data:image\/svg+xml,%3Csvg%20xmlns%3D%27http%3A%2F%2Fwww.w3.org%2F2000%2Fsvg%27%20width%3D%27311%27%20height%3D%27169%27%20viewBox%3D%270%200%20311%20169%27%3E%3Crect%20width%3D%27311%27%20height%3D%27169%27%20fill-opacity%3D%220%22%2F%3E%3C%2Fsvg%3E\" data-srcset=\"https:\/\/forests.org\/wp-content\/uploads\/SFI_00001_new.svg 150w, https:\/\/forests.org\/wp-content\/uploads\/SFI_00001_new.svg 300w, https:\/\/forests.org\/wp-content\/uploads\/SFI_00001_new.svg 1024w\" data-sizes=\"auto\" data-orig-sizes=\"(max-width: 1024px) 100vw, (max-width: 480px) 100vw, 300px\" \/><\/span><\/div><\/p>\n<h4 class=\"sidebar-titles\">ABOUT SFI<\/h4>\n<p class=\"subtext\">The Sustainable Forestry Initiative\u00ae (SFI) advances sustainability through forest-focused collaborations. We are an independent, nonprofit organization that leverages four interconnected pillars of work: standards, conservation, community, and education. SFI works with the forest sector, conservation groups, academics, researchers, brand owners, resource professionals, landowners, educators, local communities, Indigenous Peoples, and governments. Collaborating with our network, we leverage SFI-certified forests and products as powerful tools to help solve sustainability challenges such as climate action, conservation of biodiversity, education of future generations, and sustainable economic development.<\/p>\n<div class=\"fusion-separator fusion-full-width-sep\" style=\"align-self: center;margin-left: auto;margin-right: auto;margin-bottom:20px;width:100%;\"><\/div>\n<h4 class=\"sidebar-titles\">MEDIA CONTACT<\/h4>\n<p class=\"subtext\"><a href=\"&#x6d;&#x61;&#105;l&#x74;&#x6f;&#58;ch&#x72;&#x69;&#115;t&#x69;&#x6e;&#101;&#46;l&#x65;&#x64;&#117;c&#x40;&#x66;&#111;&#114;e&#x73;&#x74;&#115;&#46;&#x6f;&#x72;&#103;\">Christine Leduc<\/a><br \/>\nVP, Communications and Government Relations<br \/>\nSustainable Forestry Initiative<br \/>\n613-706-1114<br \/>\n<a href=\"&#x6d;&#x61;&#x69;&#x6c;&#x74;&#x6f;&#x3a;&#x6d;&#101;&#100;&#105;&#97;&#64;&#102;&#111;rest&#x73;&#x2e;&#x6f;&#x72;&#x67;\">&#x6d;&#x65;&#x64;&#x69;&#x61;&#x40;&#x66;&#x6f;&#114;&#101;&#115;&#116;&#115;&#46;&#111;rg<\/a><\/p>\n<\/div>\n<\/div><\/div><\/div><\/div>\n","protected":false},"excerpt":{"rendered":"<p>Greg Siekaniec, Chief Executive Officer of Ducks Unlimited Canada, has been elected to the independent SFI Board of Directors. <\/p>\n","protected":false},"author":1,"featured_media":0,"comment_status":"open","ping_status":"open","sticky":false,"template":"","format":"standard","meta":{"_exactmetrics_skip_tracking":false,"_exactmetrics_sitenote_active":false,"_exactmetrics_sitenote_note":"","_exactmetrics_sitenote_category":0,"footnotes":""},"categories":[355],"tags":[],"wf_post_folders":[457],"class_list":["post-18854","post","type-post","status-publish","format-standard","hentry","category-news-release"],"yoast_head":"<!-- This site is optimized with the Yoast SEO plugin v27.3 - https:\/\/yoast.com\/product\/yoast-seo-wordpress\/ -->\n<title>CEO of Ducks Unlimited Canada Joins SFI Board of Directors - forests.org<\/title>\n<meta name=\"description\" content=\"Greg Siekaniec, Chief Executive Officer of Ducks Unlimited Canada, has been elected to the independent Sustainable Forestry Initiative Inc. \u00a0(SFI) Board of Directors.\" \/>\n<meta name=\"robots\" content=\"index, follow, max-snippet:-1, max-image-preview:large, max-video-preview:-1\" \/>\n<link rel=\"canonical\" href=\"https:\/\/forests.org\/fr\/ceo-of-ducks-unlimited-canada-joins-sfi-board\/\" \/>\n<meta property=\"og:locale\" content=\"fr_FR\" \/>\n<meta property=\"og:type\" content=\"article\" \/>\n<meta property=\"og:title\" content=\"CEO of Ducks Unlimited Canada Joins SFI Board of Directors - forests.org\" \/>\n<meta property=\"og:description\" content=\"Greg Siekaniec, Chief Executive Officer of Ducks Unlimited Canada, has been elected to the independent Sustainable Forestry Initiative Inc. \u00a0(SFI) Board of Directors.\" \/>\n<meta property=\"og:url\" content=\"https:\/\/forests.org\/fr\/ceo-of-ducks-unlimited-canada-joins-sfi-board\/\" \/>\n<meta property=\"og:site_name\" content=\"forests.org\" \/>\n<meta property=\"article:publisher\" content=\"https:\/\/www.facebook.com\/SustainableForestryInitiative\" \/>\n<meta property=\"article:published_time\" content=\"2013-04-30T17:25:36+00:00\" \/>\n<meta property=\"article:modified_time\" content=\"2023-03-22T19:24:50+00:00\" \/>\n<meta property=\"og:image\" content=\"https:\/\/forests.org\/wp-content\/uploads\/SFI-social-logo.jpg\" \/>\n\t<meta property=\"og:image:width\" content=\"400\" \/>\n\t<meta property=\"og:image:height\" content=\"218\" \/>\n\t<meta property=\"og:image:type\" content=\"image\/jpeg\" \/>\n<meta name=\"author\" content=\"SFI Admin\" \/>\n<meta name=\"twitter:card\" content=\"summary_large_image\" \/>\n<meta name=\"twitter:creator\" content=\"@sfiprogram\" \/>\n<meta name=\"twitter:site\" content=\"@sfiprogram\" \/>\n<meta name=\"twitter:label1\" content=\"\u00c9crit par\" \/>\n\t<meta name=\"twitter:data1\" content=\"SFI Admin\" \/>\n\t<meta name=\"twitter:label2\" content=\"Dur\u00e9e de lecture estim\u00e9e\" \/>\n\t<meta name=\"twitter:data2\" content=\"6 minutes\" \/>\n<script type=\"application\/ld+json\" class=\"yoast-schema-graph\">{\"@context\":\"https:\\\/\\\/schema.org\",\"@graph\":[{\"@type\":\"Article\",\"@id\":\"https:\\\/\\\/forests.org\\\/fr\\\/ceo-of-ducks-unlimited-canada-joins-sfi-board\\\/#article\",\"isPartOf\":{\"@id\":\"https:\\\/\\\/forests.org\\\/fr\\\/ceo-of-ducks-unlimited-canada-joins-sfi-board\\\/\"},\"author\":{\"name\":\"SFI Admin\",\"@id\":\"https:\\\/\\\/forests.org\\\/fr\\\/#\\\/schema\\\/person\\\/bad0dce0264624d24e32c8559bb4bc3d\"},\"headline\":\"CEO of Ducks Unlimited Canada Joins SFI Board of Directors\",\"datePublished\":\"2013-04-30T17:25:36+00:00\",\"dateModified\":\"2023-03-22T19:24:50+00:00\",\"mainEntityOfPage\":{\"@id\":\"https:\\\/\\\/forests.org\\\/fr\\\/ceo-of-ducks-unlimited-canada-joins-sfi-board\\\/\"},\"wordCount\":1429,\"commentCount\":0,\"publisher\":{\"@id\":\"https:\\\/\\\/forests.org\\\/fr\\\/#organization\"},\"articleSection\":[\"News Release\"],\"inLanguage\":\"fr-FR\",\"potentialAction\":[{\"@type\":\"CommentAction\",\"name\":\"Comment\",\"target\":[\"https:\\\/\\\/forests.org\\\/fr\\\/ceo-of-ducks-unlimited-canada-joins-sfi-board\\\/#respond\"]}]},{\"@type\":\"WebPage\",\"@id\":\"https:\\\/\\\/forests.org\\\/fr\\\/ceo-of-ducks-unlimited-canada-joins-sfi-board\\\/\",\"url\":\"https:\\\/\\\/forests.org\\\/fr\\\/ceo-of-ducks-unlimited-canada-joins-sfi-board\\\/\",\"name\":\"CEO of Ducks Unlimited Canada Joins SFI Board of Directors - forests.org\",\"isPartOf\":{\"@id\":\"https:\\\/\\\/forests.org\\\/fr\\\/#website\"},\"datePublished\":\"2013-04-30T17:25:36+00:00\",\"dateModified\":\"2023-03-22T19:24:50+00:00\",\"description\":\"Greg Siekaniec, Chief Executive Officer of Ducks Unlimited Canada, has been elected to the independent Sustainable Forestry Initiative Inc. \u00a0(SFI) Board of Directors.\",\"breadcrumb\":{\"@id\":\"https:\\\/\\\/forests.org\\\/fr\\\/ceo-of-ducks-unlimited-canada-joins-sfi-board\\\/#breadcrumb\"},\"inLanguage\":\"fr-FR\",\"potentialAction\":[{\"@type\":\"ReadAction\",\"target\":[\"https:\\\/\\\/forests.org\\\/fr\\\/ceo-of-ducks-unlimited-canada-joins-sfi-board\\\/\"]}]},{\"@type\":\"BreadcrumbList\",\"@id\":\"https:\\\/\\\/forests.org\\\/fr\\\/ceo-of-ducks-unlimited-canada-joins-sfi-board\\\/#breadcrumb\",\"itemListElement\":[{\"@type\":\"ListItem\",\"position\":1,\"name\":\"Home\",\"item\":\"https:\\\/\\\/forests.org\\\/fr\\\/\"},{\"@type\":\"ListItem\",\"position\":2,\"name\":\"CEO of Ducks Unlimited Canada Joins SFI Board of Directors\"}]},{\"@type\":\"WebSite\",\"@id\":\"https:\\\/\\\/forests.org\\\/fr\\\/#website\",\"url\":\"https:\\\/\\\/forests.org\\\/fr\\\/\",\"name\":\"forests.org\",\"description\":\"\",\"publisher\":{\"@id\":\"https:\\\/\\\/forests.org\\\/fr\\\/#organization\"},\"potentialAction\":[{\"@type\":\"SearchAction\",\"target\":{\"@type\":\"EntryPoint\",\"urlTemplate\":\"https:\\\/\\\/forests.org\\\/fr\\\/?s={search_term_string}\"},\"query-input\":{\"@type\":\"PropertyValueSpecification\",\"valueRequired\":true,\"valueName\":\"search_term_string\"}}],\"inLanguage\":\"fr-FR\"},{\"@type\":\"Organization\",\"@id\":\"https:\\\/\\\/forests.org\\\/fr\\\/#organization\",\"name\":\"Sustainable Forestry Initiative\",\"url\":\"https:\\\/\\\/forests.org\\\/fr\\\/\",\"logo\":{\"@type\":\"ImageObject\",\"inLanguage\":\"fr-FR\",\"@id\":\"https:\\\/\\\/forests.org\\\/fr\\\/#\\\/schema\\\/logo\\\/image\\\/\",\"url\":\"https:\\\/\\\/forests.org\\\/wp-content\\\/uploads\\\/Grant-SFI-logo-FI2.jpg\",\"contentUrl\":\"https:\\\/\\\/forests.org\\\/wp-content\\\/uploads\\\/Grant-SFI-logo-FI2.jpg\",\"width\":400,\"height\":400,\"caption\":\"Sustainable Forestry Initiative\"},\"image\":{\"@id\":\"https:\\\/\\\/forests.org\\\/fr\\\/#\\\/schema\\\/logo\\\/image\\\/\"},\"sameAs\":[\"https:\\\/\\\/www.facebook.com\\\/SustainableForestryInitiative\",\"https:\\\/\\\/x.com\\\/sfiprogram\",\"https:\\\/\\\/www.linkedin.com\\\/company\\\/sustainable-forestry-initiative-inc-\",\"https:\\\/\\\/www.youtube.com\\\/user\\\/SFIProgram\"]},{\"@type\":\"Person\",\"@id\":\"https:\\\/\\\/forests.org\\\/fr\\\/#\\\/schema\\\/person\\\/bad0dce0264624d24e32c8559bb4bc3d\",\"name\":\"SFI Admin\",\"image\":{\"@type\":\"ImageObject\",\"inLanguage\":\"fr-FR\",\"@id\":\"https:\\\/\\\/secure.gravatar.com\\\/avatar\\\/a00ed11510f993847d7eec1cefc2e983b4802c3a4250c097ca0f96690e72eaad?s=96&d=mm&r=g\",\"url\":\"https:\\\/\\\/secure.gravatar.com\\\/avatar\\\/a00ed11510f993847d7eec1cefc2e983b4802c3a4250c097ca0f96690e72eaad?s=96&d=mm&r=g\",\"contentUrl\":\"https:\\\/\\\/secure.gravatar.com\\\/avatar\\\/a00ed11510f993847d7eec1cefc2e983b4802c3a4250c097ca0f96690e72eaad?s=96&d=mm&r=g\",\"caption\":\"SFI Admin\"}}]}<\/script>\n<!-- \/ Yoast SEO plugin. -->","yoast_head_json":{"title":"CEO of Ducks Unlimited Canada Joins SFI Board of Directors - forests.org","description":"Greg Siekaniec, Chief Executive Officer of Ducks Unlimited Canada, has been elected to the independent Sustainable Forestry Initiative Inc. \u00a0(SFI) Board of Directors.","robots":{"index":"index","follow":"follow","max-snippet":"max-snippet:-1","max-image-preview":"max-image-preview:large","max-video-preview":"max-video-preview:-1"},"canonical":"https:\/\/forests.org\/fr\/ceo-of-ducks-unlimited-canada-joins-sfi-board\/","og_locale":"fr_FR","og_type":"article","og_title":"CEO of Ducks Unlimited Canada Joins SFI Board of Directors - forests.org","og_description":"Greg Siekaniec, Chief Executive Officer of Ducks Unlimited Canada, has been elected to the independent Sustainable Forestry Initiative Inc. \u00a0(SFI) Board of Directors.","og_url":"https:\/\/forests.org\/fr\/ceo-of-ducks-unlimited-canada-joins-sfi-board\/","og_site_name":"forests.org","article_publisher":"https:\/\/www.facebook.com\/SustainableForestryInitiative","article_published_time":"2013-04-30T17:25:36+00:00","article_modified_time":"2023-03-22T19:24:50+00:00","og_image":[{"width":400,"height":218,"url":"https:\/\/forests.org\/wp-content\/uploads\/SFI-social-logo.jpg","type":"image\/jpeg"}],"author":"SFI Admin","twitter_card":"summary_large_image","twitter_creator":"@sfiprogram","twitter_site":"@sfiprogram","twitter_misc":{"\u00c9crit par":"SFI Admin","Dur\u00e9e de lecture estim\u00e9e":"6 minutes"},"schema":{"@context":"https:\/\/schema.org","@graph":[{"@type":"Article","@id":"https:\/\/forests.org\/fr\/ceo-of-ducks-unlimited-canada-joins-sfi-board\/#article","isPartOf":{"@id":"https:\/\/forests.org\/fr\/ceo-of-ducks-unlimited-canada-joins-sfi-board\/"},"author":{"name":"SFI Admin","@id":"https:\/\/forests.org\/fr\/#\/schema\/person\/bad0dce0264624d24e32c8559bb4bc3d"},"headline":"CEO of Ducks Unlimited Canada Joins SFI Board of Directors","datePublished":"2013-04-30T17:25:36+00:00","dateModified":"2023-03-22T19:24:50+00:00","mainEntityOfPage":{"@id":"https:\/\/forests.org\/fr\/ceo-of-ducks-unlimited-canada-joins-sfi-board\/"},"wordCount":1429,"commentCount":0,"publisher":{"@id":"https:\/\/forests.org\/fr\/#organization"},"articleSection":["News Release"],"inLanguage":"fr-FR","potentialAction":[{"@type":"CommentAction","name":"Comment","target":["https:\/\/forests.org\/fr\/ceo-of-ducks-unlimited-canada-joins-sfi-board\/#respond"]}]},{"@type":"WebPage","@id":"https:\/\/forests.org\/fr\/ceo-of-ducks-unlimited-canada-joins-sfi-board\/","url":"https:\/\/forests.org\/fr\/ceo-of-ducks-unlimited-canada-joins-sfi-board\/","name":"CEO of Ducks Unlimited Canada Joins SFI Board of Directors - forests.org","isPartOf":{"@id":"https:\/\/forests.org\/fr\/#website"},"datePublished":"2013-04-30T17:25:36+00:00","dateModified":"2023-03-22T19:24:50+00:00","description":"Greg Siekaniec, Chief Executive Officer of Ducks Unlimited Canada, has been elected to the independent Sustainable Forestry Initiative Inc. \u00a0(SFI) Board of Directors.","breadcrumb":{"@id":"https:\/\/forests.org\/fr\/ceo-of-ducks-unlimited-canada-joins-sfi-board\/#breadcrumb"},"inLanguage":"fr-FR","potentialAction":[{"@type":"ReadAction","target":["https:\/\/forests.org\/fr\/ceo-of-ducks-unlimited-canada-joins-sfi-board\/"]}]},{"@type":"BreadcrumbList","@id":"https:\/\/forests.org\/fr\/ceo-of-ducks-unlimited-canada-joins-sfi-board\/#breadcrumb","itemListElement":[{"@type":"ListItem","position":1,"name":"Home","item":"https:\/\/forests.org\/fr\/"},{"@type":"ListItem","position":2,"name":"CEO of Ducks Unlimited Canada Joins SFI Board of Directors"}]},{"@type":"WebSite","@id":"https:\/\/forests.org\/fr\/#website","url":"https:\/\/forests.org\/fr\/","name":"forests.org","description":"","publisher":{"@id":"https:\/\/forests.org\/fr\/#organization"},"potentialAction":[{"@type":"SearchAction","target":{"@type":"EntryPoint","urlTemplate":"https:\/\/forests.org\/fr\/?s={search_term_string}"},"query-input":{"@type":"PropertyValueSpecification","valueRequired":true,"valueName":"search_term_string"}}],"inLanguage":"fr-FR"},{"@type":"Organization","@id":"https:\/\/forests.org\/fr\/#organization","name":"Sustainable Forestry Initiative","url":"https:\/\/forests.org\/fr\/","logo":{"@type":"ImageObject","inLanguage":"fr-FR","@id":"https:\/\/forests.org\/fr\/#\/schema\/logo\/image\/","url":"https:\/\/forests.org\/wp-content\/uploads\/Grant-SFI-logo-FI2.jpg","contentUrl":"https:\/\/forests.org\/wp-content\/uploads\/Grant-SFI-logo-FI2.jpg","width":400,"height":400,"caption":"Sustainable Forestry Initiative"},"image":{"@id":"https:\/\/forests.org\/fr\/#\/schema\/logo\/image\/"},"sameAs":["https:\/\/www.facebook.com\/SustainableForestryInitiative","https:\/\/x.com\/sfiprogram","https:\/\/www.linkedin.com\/company\/sustainable-forestry-initiative-inc-","https:\/\/www.youtube.com\/user\/SFIProgram"]},{"@type":"Person","@id":"https:\/\/forests.org\/fr\/#\/schema\/person\/bad0dce0264624d24e32c8559bb4bc3d","name":"SFI Admin","image":{"@type":"ImageObject","inLanguage":"fr-FR","@id":"https:\/\/secure.gravatar.com\/avatar\/a00ed11510f993847d7eec1cefc2e983b4802c3a4250c097ca0f96690e72eaad?s=96&d=mm&r=g","url":"https:\/\/secure.gravatar.com\/avatar\/a00ed11510f993847d7eec1cefc2e983b4802c3a4250c097ca0f96690e72eaad?s=96&d=mm&r=g","contentUrl":"https:\/\/secure.gravatar.com\/avatar\/a00ed11510f993847d7eec1cefc2e983b4802c3a4250c097ca0f96690e72eaad?s=96&d=mm&r=g","caption":"SFI Admin"}}]}},"_links":{"self":[{"href":"https:\/\/forests.org\/fr\/wp-json\/wp\/v2\/posts\/18854","targetHints":{"allow":["GET"]}}],"collection":[{"href":"https:\/\/forests.org\/fr\/wp-json\/wp\/v2\/posts"}],"about":[{"href":"https:\/\/forests.org\/fr\/wp-json\/wp\/v2\/types\/post"}],"author":[{"embeddable":true,"href":"https:\/\/forests.org\/fr\/wp-json\/wp\/v2\/users\/1"}],"replies":[{"embeddable":true,"href":"https:\/\/forests.org\/fr\/wp-json\/wp\/v2\/comments?post=18854"}],"version-history":[{"count":0,"href":"https:\/\/forests.org\/fr\/wp-json\/wp\/v2\/posts\/18854\/revisions"}],"wp:attachment":[{"href":"https:\/\/forests.org\/fr\/wp-json\/wp\/v2\/media?parent=18854"}],"wp:term":[{"taxonomy":"category","embeddable":true,"href":"https:\/\/forests.org\/fr\/wp-json\/wp\/v2\/categories?post=18854"},{"taxonomy":"post_tag","embeddable":true,"href":"https:\/\/forests.org\/fr\/wp-json\/wp\/v2\/tags?post=18854"},{"taxonomy":"wf_post_folders","embeddable":true,"href":"https:\/\/forests.org\/fr\/wp-json\/wp\/v2\/wf_post_folders?post=18854"}],"curies":[{"name":"wp","href":"https:\/\/api.w.org\/{rel}","templated":true}]}}