{"id":772758,"date":"2021-04-01T06:30:39","date_gmt":"2021-04-01T10:30:39","guid":{"rendered":"https:\/\/forests.org\/?p=772758"},"modified":"2025-06-02T14:01:11","modified_gmt":"2025-06-02T18:01:11","slug":"des-chefs-de-file-du-secteur-des-normes-et-de-la-foresterie-urbaine-collaborent-a-lelaboration-de-la-nouvelle-norme-de-durabilite-des-forets-urbaines-et-communautaires-de-sfi","status":"publish","type":"post","link":"https:\/\/forests.org\/fr\/des-chefs-de-file-du-secteur-des-normes-et-de-la-foresterie-urbaine-collaborent-a-lelaboration-de-la-nouvelle-norme-de-durabilite-des-forets-urbaines-et-communautaires-de-sfi\/","title":{"rendered":"Des chefs de file du secteur des normes et de la foresterie urbaine collaborent \u00e0 l\u2019\u00e9laboration de la nouvelle norme de durabilit\u00e9 des for\u00eats urbaines et communautaires de sfi"},"content":{"rendered":"<div class=\"fusion-fullwidth fullwidth-box fusion-builder-row-1 fusion-flex-container has-pattern-background has-mask-background hundred-percent-fullwidth non-hundred-percent-height-scrolling\" style=\"--awb-border-radius-top-left:0px;--awb-border-radius-top-right:0px;--awb-border-radius-bottom-right:0px;--awb-border-radius-bottom-left:0px;--awb-flex-wrap:wrap;\" ><div class=\"fusion-builder-row fusion-row fusion-flex-align-items-flex-start fusion-flex-content-wrap\" style=\"width:104% !important;max-width:104% !important;margin-left: calc(-4% \/ 2 );margin-right: calc(-4% \/ 2 );\"><div class=\"fusion-layout-column fusion_builder_column fusion-builder-column-0 fusion_builder_column_3_4 3_4 fusion-flex-column\" style=\"--awb-bg-size:cover;--awb-width-large:75%;--awb-margin-top-large:0px;--awb-spacing-right-large:2.56%;--awb-margin-bottom-large:20px;--awb-spacing-left-large:2.56%;--awb-width-medium:100%;--awb-spacing-right-medium:1.92%;--awb-spacing-left-medium:1.92%;--awb-width-small:100%;--awb-spacing-right-small:1.92%;--awb-spacing-left-small:1.92%;\"><div class=\"fusion-column-wrapper fusion-flex-justify-content-flex-start fusion-content-layout-column\"><div class=\"fusion-text fusion-text-1\"><p><strong>Ottawa, ON et Washington, D. C. <\/strong>&#8211; La Sustainable Forestry Initiative Inc. (SFI) a le plaisir d&rsquo;annoncer le lancement d&rsquo;un partenariat visant \u00e0 \u00e9laborer une nouvelle norme de durabilit\u00e9 des for\u00eats urbaines et communautaires SFI qui sera appliqu\u00e9e en Am\u00e9rique du Nord et \u00e9ventuellement dans le monde entier. La SFI collaborera avec cinq chefs de file de la foresterie urbaine : American Forests, Arbor Day Foundation, International Society of Arboriculture, Society of Municipal Arborists et Arbres Canada.<\/p>\n<p>\u00ab Le r\u00e9seau SFI se r\u00e9jouit de collaborer avec ses partenaires de la foresterie urbaine pour promouvoir l&rsquo;\u00e9tablissement de for\u00eats urbaines et communautaires durables qui r\u00e9pondent aux besoins locaux, tout en contribuant de mani\u00e8re significative aux initiatives nationales, bilat\u00e9rales et mondiales telles que l&rsquo;initiative 2 milliards d&rsquo;arbres au Canada ou par le biais d&rsquo;initiatives r\u00e9gionales et mondiales telles que 1t.org du Forum \u00e9conomique mondial \u00bb, d\u00e9clare Kathy Abusow, pr\u00e9sidente-directrice g\u00e9n\u00e9rale de SFI. \u00ab Ensemble, avec ces sommit\u00e9s du domaine, je suis convaincue que le SFI contribuera positivement aux initiatives de foresterie urbaine en Am\u00e9rique du Nord et \u00e0 travers le monde. \u00bb<\/p>\n<p>La foresterie urbaine et communautaire implique \u00e0 la fois la planification et la gestion de la for\u00eat urbaine, car le bon arbre, plant\u00e9 au bon endroit et de la bonne mani\u00e8re, favorise les nombreux avantages que les arbres procurent aux personnes, \u00e0 la faune et au climat. Les arbres et les for\u00eats communautaires pr\u00e9sentent de nombreux avantages sociaux et environnementaux, notamment l&rsquo;am\u00e9lioration de la sant\u00e9 et du mieux-\u00eatre, la coh\u00e9sion sociale et l&rsquo;accessibilit\u00e9, la cr\u00e9ation d\u2019environnements d&rsquo;apprentissage en plein air, les solutions au changement climatique, la r\u00e9duction de la pollution atmosph\u00e9rique et l&rsquo;am\u00e9lioration du design urbain.<\/p>\n<p>L&rsquo;engagement de la SFI \u00e0 d\u00e9velopper une norme de foresterie urbaine et communautaire va au-del\u00e0 du lancement de ce nouveau partenariat, il s&rsquo;incarne \u00e9galement dans la d\u00e9cision de cr\u00e9er un nouveau poste : Directeur de la foresterie urbaine et communautaire. <a href=\"https:\/\/forests.org\/staff\/\">Paul Johnson<\/a> a assum\u00e9 ce nouveau r\u00f4le le 15 mars. Paul Johnson apporte \u00e0 son nouveau r\u00f4le plus de 20 ans d&rsquo;exp\u00e9rience en foresterie urbaine et communautaire et des liens profonds avec un r\u00e9seau international de partenaires. Comme Paul le dit toujours, \u00ab les arbres sont la cl\u00e9 de communaut\u00e9s plus saines, plus heureuses et plus s\u00fbres. \u00bb<\/p>\n<p>La SFI, avec ses partenaires, va mettre en place un groupe de travail compos\u00e9 d&rsquo;experts de premier plan pour d\u00e9velopper la nouvelle norme SFI de durabilit\u00e9 des for\u00eats urbaines et communautaires. Les partenaires et le groupe de travail examineront les moyens de trouver des rem\u00e8des \u00e0 la crise climatique et \u00e0 d&rsquo;autres d\u00e9fis de premi\u00e8re importance que les for\u00eats urbaines sont id\u00e9alement plac\u00e9es pour aider \u00e0 r\u00e9soudre, y compris l&rsquo;acc\u00e8s aux espaces publics, la coh\u00e9sion sociale et plus encore. Veuillez contacter Paul Johnson, directeur de la foresterie urbaine et communautaire, si vous souhaitez faire partie du groupe de travail.<\/p>\n<p><strong>Ce que nos partenaires de la for\u00eat urbaine disent des avantages potentiels d&rsquo;une norme de foresterie urbaine et communautaire : <\/strong><\/p>\n<\/div><div class=\"fusion-builder-row fusion-builder-row-inner fusion-row fusion-flex-align-items-flex-start fusion-flex-content-wrap\" style=\"--awb-flex-grow:0;--awb-flex-grow-medium:0;--awb-flex-grow-small:0;--awb-flex-shrink:0;--awb-flex-shrink-medium:0;--awb-flex-shrink-small:0;width:104% !important;max-width:104% !important;margin-left: calc(-4% \/ 2 );margin-right: calc(-4% \/ 2 );\"><div class=\"fusion-layout-column fusion_builder_column_inner fusion-builder-nested-column-0 fusion_builder_column_inner_1_4 1_4 fusion-flex-column\" style=\"--awb-bg-size:cover;--awb-width-large:25%;--awb-margin-top-large:0px;--awb-spacing-right-large:7.68%;--awb-margin-bottom-large:20px;--awb-spacing-left-large:7.68%;--awb-width-medium:100%;--awb-order-medium:0;--awb-spacing-right-medium:1.92%;--awb-spacing-left-medium:1.92%;--awb-width-small:100%;--awb-order-small:0;--awb-spacing-right-small:1.92%;--awb-spacing-left-small:1.92%;\"><div class=\"fusion-column-wrapper fusion-column-has-shadow fusion-flex-justify-content-flex-start fusion-content-layout-column\"><div class=\"fusion-image-element \" style=\"--awb-max-width:200px;--awb-caption-title-font-family:var(--h2_typography-font-family);--awb-caption-title-font-weight:var(--h2_typography-font-weight);--awb-caption-title-font-style:var(--h2_typography-font-style);--awb-caption-title-size:var(--h2_typography-font-size);--awb-caption-title-transform:var(--h2_typography-text-transform);--awb-caption-title-line-height:var(--h2_typography-line-height);--awb-caption-title-letter-spacing:var(--h2_typography-letter-spacing);\"><span class=\" fusion-imageframe imageframe-none imageframe-1 hover-type-none\"><img decoding=\"async\" width=\"1448\" height=\"739\" title=\"AF_Final_Logo\" src=\"data:image\/svg+xml,%3Csvg%20xmlns%3D%27http%3A%2F%2Fwww.w3.org%2F2000%2Fsvg%27%20width%3D%271448%27%20height%3D%27739%27%20viewBox%3D%270%200%201448%20739%27%3E%3Crect%20width%3D%271448%27%20height%3D%27739%27%20fill-opacity%3D%220%22%2F%3E%3C%2Fsvg%3E\" data-orig-src=\"https:\/\/forests.org\/wp-content\/uploads\/AF_Final_Logo-e1644337789216.jpg\" alt class=\"lazyload img-responsive wp-image-789937\"\/><\/span><\/div><\/div><\/div><div class=\"fusion-layout-column fusion_builder_column_inner fusion-builder-nested-column-1 fusion_builder_column_inner_3_4 3_4 fusion-flex-column\" style=\"--awb-bg-size:cover;--awb-width-large:75%;--awb-margin-top-large:0px;--awb-spacing-right-large:2.56%;--awb-margin-bottom-large:20px;--awb-spacing-left-large:2.56%;--awb-width-medium:100%;--awb-order-medium:0;--awb-spacing-right-medium:1.92%;--awb-spacing-left-medium:1.92%;--awb-width-small:100%;--awb-order-small:0;--awb-spacing-right-small:1.92%;--awb-spacing-left-small:1.92%;\"><div class=\"fusion-column-wrapper fusion-column-has-shadow fusion-flex-justify-content-flex-start fusion-content-layout-column\"><div class=\"fusion-text fusion-text-2\"><div><span lang=\"FR-CA\">\u00ab Les for\u00eats urbaines ne sont pas seulement un d\u00e9cor &#8211; elles sont une infrastructure vitale pour nos villes dans un climat changeant. Nous devons r\u00e9aliser l&rsquo;\u00e9quit\u00e9 arboricole dans nos villes afin que chacun puisse b\u00e9n\u00e9ficier des avantages vitaux des arbres pour la sant\u00e9, la r\u00e9silience climatique et la vitalit\u00e9 \u00e9conomique. Nous avons besoin de toutes les strat\u00e9gies employ\u00e9es pour y parvenir, y compris l&rsquo;utilisation du bois urbain, qui peut contribuer \u00e0 lever les obstacles \u00e9conomiques syst\u00e9miques \u00e0 la gestion des for\u00eats urbaines. Nous sommes ravis que la norme de durabilit\u00e9 des for\u00eats urbaines et communautaires de la SFI soit un nouvel outil pour le mouvement de la for\u00eat urbaine, et nous sommes d\u2019avis que Paul Johnson est la personne id\u00e9ale pour mener les activit\u00e9s de foresterie urbaine de la SFI\u00a0\u00bb, ajoute <\/span><span lang=\"FR-CA\">Jad Daley.<\/span><\/div>\n<\/div><\/div><\/div><\/div><div class=\"fusion-builder-row fusion-builder-row-inner fusion-row fusion-flex-align-items-flex-start fusion-flex-content-wrap\" style=\"--awb-flex-grow:0;--awb-flex-grow-medium:0;--awb-flex-grow-small:0;--awb-flex-shrink:0;--awb-flex-shrink-medium:0;--awb-flex-shrink-small:0;width:104% !important;max-width:104% !important;margin-left: calc(-4% \/ 2 );margin-right: calc(-4% \/ 2 );\"><div class=\"fusion-layout-column fusion_builder_column_inner fusion-builder-nested-column-2 fusion_builder_column_inner_1_4 1_4 fusion-flex-column\" style=\"--awb-bg-size:cover;--awb-width-large:25%;--awb-margin-top-large:0px;--awb-spacing-right-large:7.68%;--awb-margin-bottom-large:20px;--awb-spacing-left-large:7.68%;--awb-width-medium:100%;--awb-order-medium:0;--awb-spacing-right-medium:1.92%;--awb-spacing-left-medium:1.92%;--awb-width-small:100%;--awb-order-small:0;--awb-spacing-right-small:1.92%;--awb-spacing-left-small:1.92%;\"><div class=\"fusion-column-wrapper fusion-column-has-shadow fusion-flex-justify-content-flex-start fusion-content-layout-column\"><div class=\"fusion-image-element \" style=\"--awb-max-width:150px;--awb-caption-title-font-family:var(--h2_typography-font-family);--awb-caption-title-font-weight:var(--h2_typography-font-weight);--awb-caption-title-font-style:var(--h2_typography-font-style);--awb-caption-title-size:var(--h2_typography-font-size);--awb-caption-title-transform:var(--h2_typography-text-transform);--awb-caption-title-line-height:var(--h2_typography-line-height);--awb-caption-title-letter-spacing:var(--h2_typography-letter-spacing);\"><span class=\" fusion-imageframe imageframe-none imageframe-2 hover-type-none\"><img decoding=\"async\" width=\"1000\" height=\"1000\" title=\"ArborDayFoundation_Stacked_PMS349_0\" src=\"data:image\/svg+xml,%3Csvg%20xmlns%3D%27http%3A%2F%2Fwww.w3.org%2F2000%2Fsvg%27%20width%3D%271000%27%20height%3D%271000%27%20viewBox%3D%270%200%201000%201000%27%3E%3Crect%20width%3D%271000%27%20height%3D%271000%27%20fill-opacity%3D%220%22%2F%3E%3C%2Fsvg%3E\" data-orig-src=\"https:\/\/forests.org\/wp-content\/uploads\/ArborDayFoundation_Stacked_PMS349_0-e1644337742690.png\" alt class=\"lazyload img-responsive wp-image-789938\"\/><\/span><\/div><\/div><\/div><div class=\"fusion-layout-column fusion_builder_column_inner fusion-builder-nested-column-3 fusion_builder_column_inner_3_4 3_4 fusion-flex-column\" style=\"--awb-bg-size:cover;--awb-width-large:75%;--awb-margin-top-large:0px;--awb-spacing-right-large:2.56%;--awb-margin-bottom-large:20px;--awb-spacing-left-large:2.56%;--awb-width-medium:100%;--awb-order-medium:0;--awb-spacing-right-medium:1.92%;--awb-spacing-left-medium:1.92%;--awb-width-small:100%;--awb-order-small:0;--awb-spacing-right-small:1.92%;--awb-spacing-left-small:1.92%;\"><div class=\"fusion-column-wrapper fusion-column-has-shadow fusion-flex-justify-content-flex-start fusion-content-layout-column\"><div class=\"fusion-text fusion-text-3\"><div><span lang=\"FR-CA\">\u00ab Nous, \u00e0 la Fondation Arbor Day, sommes heureux d&rsquo;accueillir la Sustainable Forestry Initiative, l&rsquo;un de nos partenaires de longue date, dans le domaine de la foresterie urbaine et communautaire. Nous consid\u00e9rons leurs efforts et ce partenariat comme un moyen privil\u00e9gi\u00e9 de continuer \u00e0 faire progresser nos efforts collectifs en Am\u00e9rique du Nord et dans le monde. L&rsquo;heure est aux arbres et \u00e0 l&rsquo;\u00e9laboration d&rsquo;une norme de foresterie urbaine et communautaire. Nous sommes heureux de travailler avec Paul Johnson dans son nouveau r\u00f4le de directeur de la foresterie urbaine et communautaire au SFI. Nous avons travaill\u00e9 avec Paul, dans ses pr\u00e9c\u00e9dentes fonctions, dans le cadre de nos programmes Tree City USA et Community Tree Recovery ainsi que de notre congr\u00e8s Partners in Community Forestry. Paul sera un atout dans cet effort pour am\u00e9liorer la durabilit\u00e9 et la perception de la foresterie urbaine et communautaire \u00bb, <\/span><\/div>\n<div><span lang=\"FR-CA\">d\u00e9clare <\/span><span lang=\"FR-CA\">Dan Lambe, pr\u00e9sident de la Fondation Arbor Day. <\/span><\/div>\n<\/div><\/div><\/div><\/div><div class=\"fusion-builder-row fusion-builder-row-inner fusion-row fusion-flex-align-items-flex-start fusion-flex-content-wrap\" style=\"--awb-flex-grow:0;--awb-flex-grow-medium:0;--awb-flex-grow-small:0;--awb-flex-shrink:0;--awb-flex-shrink-medium:0;--awb-flex-shrink-small:0;width:104% !important;max-width:104% !important;margin-left: calc(-4% \/ 2 );margin-right: calc(-4% \/ 2 );\"><div class=\"fusion-layout-column fusion_builder_column_inner fusion-builder-nested-column-4 fusion_builder_column_inner_1_4 1_4 fusion-flex-column\" style=\"--awb-bg-size:cover;--awb-width-large:25%;--awb-margin-top-large:0px;--awb-spacing-right-large:7.68%;--awb-margin-bottom-large:20px;--awb-spacing-left-large:7.68%;--awb-width-medium:100%;--awb-order-medium:0;--awb-spacing-right-medium:1.92%;--awb-spacing-left-medium:1.92%;--awb-width-small:100%;--awb-order-small:0;--awb-spacing-right-small:1.92%;--awb-spacing-left-small:1.92%;\"><div class=\"fusion-column-wrapper fusion-column-has-shadow fusion-flex-justify-content-flex-start fusion-content-layout-column\"><div class=\"fusion-image-element \" style=\"--awb-max-width:145px;--awb-caption-title-font-family:var(--h2_typography-font-family);--awb-caption-title-font-weight:var(--h2_typography-font-weight);--awb-caption-title-font-style:var(--h2_typography-font-style);--awb-caption-title-size:var(--h2_typography-font-size);--awb-caption-title-transform:var(--h2_typography-text-transform);--awb-caption-title-line-height:var(--h2_typography-line-height);--awb-caption-title-letter-spacing:var(--h2_typography-letter-spacing);\"><span class=\" fusion-imageframe imageframe-none imageframe-3 hover-type-none\"><img decoding=\"async\" width=\"226\" height=\"152\" alt=\"ISA logo\" title=\"ISA_logo\" src=\"data:image\/svg+xml,%3Csvg%20xmlns%3D%27http%3A%2F%2Fwww.w3.org%2F2000%2Fsvg%27%20width%3D%27226%27%20height%3D%27152%27%20viewBox%3D%270%200%20226%20152%27%3E%3Crect%20width%3D%27226%27%20height%3D%27152%27%20fill-opacity%3D%220%22%2F%3E%3C%2Fsvg%3E\" data-orig-src=\"https:\/\/forests.org\/wp-content\/uploads\/ISA_logo.png\" class=\"lazyload img-responsive wp-image-788348\"\/><\/span><\/div><\/div><\/div><div class=\"fusion-layout-column fusion_builder_column_inner fusion-builder-nested-column-5 fusion_builder_column_inner_3_4 3_4 fusion-flex-column\" style=\"--awb-bg-size:cover;--awb-width-large:75%;--awb-margin-top-large:0px;--awb-spacing-right-large:2.56%;--awb-margin-bottom-large:20px;--awb-spacing-left-large:2.56%;--awb-width-medium:100%;--awb-order-medium:0;--awb-spacing-right-medium:1.92%;--awb-spacing-left-medium:1.92%;--awb-width-small:100%;--awb-order-small:0;--awb-spacing-right-small:1.92%;--awb-spacing-left-small:1.92%;\"><div class=\"fusion-column-wrapper fusion-column-has-shadow fusion-flex-justify-content-flex-start fusion-content-layout-column\"><div class=\"fusion-text fusion-text-4\"><div><span lang=\"FR-CA\">\u00ab La Soci\u00e9t\u00e9 internationale d\u2019arboriculture (International Society of Arboriculture \u2013 ISA) est ravie que Paul Johnson ait \u00e9t\u00e9 nomm\u00e9 directeur de la foresterie urbaine \u00e0 la SFI. Paul a r\u00e9cemment \u00e9t\u00e9 pr\u00e9sident de notre conseil d&rsquo;administration, et je connais donc de premi\u00e8re main sa passion pour la foresterie urbaine et l&rsquo;arboriculture, ainsi que son engagement en faveur de la collaboration. Depuis pr\u00e8s de 100 ans, l&rsquo;ISA promeut l&rsquo;importance des arbres et de leur entretien par les arboriculteurs, et nous sommes heureux de nous associer \u00e0 la SFI pour continuer \u00e0 faire progresser la foresterie urbaine dans le monde. L&rsquo;\u00e9laboration d&rsquo;une norme de foresterie urbaine avec des organisations engag\u00e9es dans l&rsquo;augmentation de la durabilit\u00e9 et de la sant\u00e9 de nos ressources foresti\u00e8res urbaines est un travail que l&rsquo;ISA est impatiente d&rsquo;entreprendre au nom de ses membres et des d\u00e9tenteurs de titres de comp\u00e9tences \u00bb, signale <\/span><span lang=\"FR-CA\">Caitlyn Pollihan, PDG et chef de la direction de la Soci\u00e9t\u00e9 internationale d\u2019arboriculture. <\/span><\/div>\n<\/div><\/div><\/div><\/div><div class=\"fusion-builder-row fusion-builder-row-inner fusion-row fusion-flex-align-items-flex-start fusion-flex-content-wrap\" style=\"--awb-flex-grow:0;--awb-flex-grow-medium:0;--awb-flex-grow-small:0;--awb-flex-shrink:0;--awb-flex-shrink-medium:0;--awb-flex-shrink-small:0;width:104% !important;max-width:104% !important;margin-left: calc(-4% \/ 2 );margin-right: calc(-4% \/ 2 );\"><div class=\"fusion-layout-column fusion_builder_column_inner fusion-builder-nested-column-6 fusion_builder_column_inner_1_4 1_4 fusion-flex-column\" style=\"--awb-bg-size:cover;--awb-width-large:25%;--awb-margin-top-large:0px;--awb-spacing-right-large:7.68%;--awb-margin-bottom-large:20px;--awb-spacing-left-large:7.68%;--awb-width-medium:100%;--awb-order-medium:0;--awb-spacing-right-medium:1.92%;--awb-spacing-left-medium:1.92%;--awb-width-small:100%;--awb-order-small:0;--awb-spacing-right-small:1.92%;--awb-spacing-left-small:1.92%;\"><div class=\"fusion-column-wrapper fusion-column-has-shadow fusion-flex-justify-content-flex-start fusion-content-layout-column\"><div class=\"fusion-image-element \" style=\"--awb-max-width:200px;--awb-caption-title-font-family:var(--h2_typography-font-family);--awb-caption-title-font-weight:var(--h2_typography-font-weight);--awb-caption-title-font-style:var(--h2_typography-font-style);--awb-caption-title-size:var(--h2_typography-font-size);--awb-caption-title-transform:var(--h2_typography-text-transform);--awb-caption-title-line-height:var(--h2_typography-line-height);--awb-caption-title-letter-spacing:var(--h2_typography-letter-spacing);\"><span class=\" fusion-imageframe imageframe-none imageframe-4 hover-type-none\"><img decoding=\"async\" width=\"243\" height=\"130\" title=\"sma_logo\" src=\"data:image\/svg+xml,%3Csvg%20xmlns%3D%27http%3A%2F%2Fwww.w3.org%2F2000%2Fsvg%27%20width%3D%27243%27%20height%3D%27130%27%20viewBox%3D%270%200%20243%20130%27%3E%3Crect%20width%3D%27243%27%20height%3D%27130%27%20fill-opacity%3D%220%22%2F%3E%3C%2Fsvg%3E\" data-orig-src=\"https:\/\/forests.org\/wp-content\/uploads\/sma_logo.png\" alt class=\"lazyload img-responsive wp-image-786517\"\/><\/span><\/div><\/div><\/div><div class=\"fusion-layout-column fusion_builder_column_inner fusion-builder-nested-column-7 fusion_builder_column_inner_3_4 3_4 fusion-flex-column\" style=\"--awb-bg-size:cover;--awb-width-large:75%;--awb-margin-top-large:0px;--awb-spacing-right-large:2.56%;--awb-margin-bottom-large:20px;--awb-spacing-left-large:2.56%;--awb-width-medium:100%;--awb-order-medium:0;--awb-spacing-right-medium:1.92%;--awb-spacing-left-medium:1.92%;--awb-width-small:100%;--awb-order-small:0;--awb-spacing-right-small:1.92%;--awb-spacing-left-small:1.92%;\"><div class=\"fusion-column-wrapper fusion-column-has-shadow fusion-flex-justify-content-flex-start fusion-content-layout-column\"><div class=\"fusion-text fusion-text-5\"><div><span lang=\"FR-CA\">\u00ab Depuis 1964, la Soci\u00e9t\u00e9 des arboriculteurs municipaux (Society of Municipal Arborists \u2013 SMA) s&rsquo;efforce de renforcer la confiance, la comp\u00e9tence et la camaraderie des professionnels qui g\u00e8rent les arbres et les for\u00eats des municipalit\u00e9s afin de cr\u00e9er et de maintenir des communaut\u00e9s o\u00f9 il fait bon vivre. Nous sommes ravis de nous joindre \u00e0 ce partenariat pour d\u00e9velopper une nouvelle norme de foresterie urbaine et communautaire pour l&rsquo;Am\u00e9rique du Nord et potentiellement le monde. Nous reconnaissons que l&rsquo;existence d&rsquo;une telle norme sera essentielle pour relever les d\u00e9fis auxquels notre industrie sera confront\u00e9e dans les ann\u00e9es \u00e0 venir. Nous pensons que cette norme peut compl\u00e9ter avantageusement le programme d&rsquo;accr\u00e9ditation municipale de la SMA. Nous sommes particuli\u00e8rement heureux que Paul Johnson dirige cet importante initiative au nom de la SFI, car Paul est un membre de longue date notre Institut de foresterie municipale (Municipal Forestry Institute (MFI)) et est depuis longtemps une figure de proue dans le monde de la foresterie urbaine \u00bb, indique Jerri LaHaie, <\/span><\/div>\n<div><span lang=\"FR-CA\">directrice g\u00e9n\u00e9rale de <\/span><span lang=\"FR-CA\">la Soci\u00e9t\u00e9 des arboriculteurs municipaux.<\/span><\/div>\n<\/div><\/div><\/div><\/div><div class=\"fusion-builder-row fusion-builder-row-inner fusion-row fusion-flex-align-items-flex-start fusion-flex-content-wrap\" style=\"--awb-flex-grow:0;--awb-flex-grow-medium:0;--awb-flex-grow-small:0;--awb-flex-shrink:0;--awb-flex-shrink-medium:0;--awb-flex-shrink-small:0;width:104% !important;max-width:104% !important;margin-left: calc(-4% \/ 2 );margin-right: calc(-4% \/ 2 );\"><div class=\"fusion-layout-column fusion_builder_column_inner fusion-builder-nested-column-8 fusion_builder_column_inner_1_4 1_4 fusion-flex-column\" style=\"--awb-bg-size:cover;--awb-width-large:25%;--awb-margin-top-large:0px;--awb-spacing-right-large:7.68%;--awb-margin-bottom-large:20px;--awb-spacing-left-large:7.68%;--awb-width-medium:100%;--awb-order-medium:0;--awb-spacing-right-medium:1.92%;--awb-spacing-left-medium:1.92%;--awb-width-small:100%;--awb-order-small:0;--awb-spacing-right-small:1.92%;--awb-spacing-left-small:1.92%;\"><div class=\"fusion-column-wrapper fusion-column-has-shadow fusion-flex-justify-content-flex-start fusion-content-layout-column\"><div class=\"fusion-image-element \" style=\"--awb-max-width:200px;--awb-caption-title-font-family:var(--h2_typography-font-family);--awb-caption-title-font-weight:var(--h2_typography-font-weight);--awb-caption-title-font-style:var(--h2_typography-font-style);--awb-caption-title-size:var(--h2_typography-font-size);--awb-caption-title-transform:var(--h2_typography-text-transform);--awb-caption-title-line-height:var(--h2_typography-line-height);--awb-caption-title-letter-spacing:var(--h2_typography-letter-spacing);\"><span class=\" fusion-imageframe imageframe-none imageframe-5 hover-type-none\"><img decoding=\"async\" width=\"1025\" height=\"475\" title=\"TCLogos_Green-Fr-1025&#215;475-green\" src=\"data:image\/svg+xml,%3Csvg%20xmlns%3D%27http%3A%2F%2Fwww.w3.org%2F2000%2Fsvg%27%20width%3D%271025%27%20height%3D%27475%27%20viewBox%3D%270%200%201025%20475%27%3E%3Crect%20width%3D%271025%27%20height%3D%27475%27%20fill-opacity%3D%220%22%2F%3E%3C%2Fsvg%3E\" data-orig-src=\"https:\/\/forests.org\/wp-content\/uploads\/TCLogos_Green-Fr-1025x475-green.png\" alt class=\"lazyload img-responsive wp-image-772759\"\/><\/span><\/div><\/div><\/div><div class=\"fusion-layout-column fusion_builder_column_inner fusion-builder-nested-column-9 fusion_builder_column_inner_3_4 3_4 fusion-flex-column\" style=\"--awb-bg-size:cover;--awb-width-large:75%;--awb-margin-top-large:0px;--awb-spacing-right-large:2.56%;--awb-margin-bottom-large:20px;--awb-spacing-left-large:2.56%;--awb-width-medium:100%;--awb-order-medium:0;--awb-spacing-right-medium:1.92%;--awb-spacing-left-medium:1.92%;--awb-width-small:100%;--awb-order-small:0;--awb-spacing-right-small:1.92%;--awb-spacing-left-small:1.92%;\"><div class=\"fusion-column-wrapper fusion-column-has-shadow fusion-flex-justify-content-flex-start fusion-content-layout-column\"><div class=\"fusion-text fusion-text-6\"><div><span lang=\"FR-CA\">\u00ab Chez Arbres Canada, nous croyons que le mieux-\u00eatre et la prosp\u00e9rit\u00e9 de nos collectivit\u00e9s d\u00e9pendent de la durabilit\u00e9, de la diversit\u00e9 et de la sant\u00e9 \u00e0 long terme de nos for\u00eats urbaines. Compte tenu des pressions accrues qui s&rsquo;exercent sur elles \u00e0 l&rsquo;\u00e9chelle mondiale, leur pr\u00e9sence dans nos collectivit\u00e9s ne fera que devenir de plus en plus importante dans un monde toujours plus urbanis\u00e9. Nous sommes heureux de voir le lancement du projet d\u2019\u00e9laboration de la nouvelle norme de durabilit\u00e9 des for\u00eats urbaines et communautaires de la SFI, de m\u00eame que l&#8217;embauche de Paul Johnson \u00e0 titre de directeur de la foresterie urbaine et communautaire, ce qui d\u00e9montre l&rsquo;engagement et le d\u00e9vouement de la SFI envers la durabilit\u00e9 continue de nos for\u00eats urbaines. Nous attendons avec impatience de travailler ensemble \u00e0 cette cause importante \u00bb, a d\u00e9clar\u00e9 <\/span><span lang=\"FR-CA\">Mme Danielle St-Aubin, directrice g\u00e9n\u00e9rale d&rsquo;Arbres Canada.<\/span><\/div>\n<\/div><\/div><\/div><\/div><div class=\"fusion-separator fusion-full-width-sep\" style=\"align-self: center;margin-left: auto;margin-right: auto;width:100%;\"><\/div><\/div><\/div><div class=\"fusion-layout-column fusion_builder_column fusion-builder-column-1 fusion_builder_column_1_4 1_4 fusion-flex-column\" style=\"--awb-bg-size:cover;--awb-width-large:25%;--awb-margin-top-large:0px;--awb-spacing-right-large:7.68%;--awb-margin-bottom-large:20px;--awb-spacing-left-large:7.68%;--awb-width-medium:100%;--awb-spacing-right-medium:1.92%;--awb-spacing-left-medium:1.92%;--awb-width-small:100%;--awb-spacing-right-small:1.92%;--awb-spacing-left-small:1.92%;\"><div class=\"fusion-column-wrapper fusion-flex-justify-content-flex-start fusion-content-layout-column\"><div class=\"fusion-text fusion-text-7 fusion-text-no-margin\" style=\"--awb-margin-top:-20px;--awb-margin-bottom:60px;\"><p><div class=\"fusion-widget-area awb-widget-area-element fusion-widget-area-1 fusion-content-widget-area\" style=\"--awb-title-color:#6b6b6b;--awb-padding:0px 0px 0px 0px;\"><div id=\"custom_html-50\" class=\"widget_text widget widget_custom_html\" style=\"border-style: solid;border-color:transparent;border-width:0px;\"><div class=\"textwidget custom-html-widget\"><h4><a href=\"\/fr\/sfiinbrief\">SFI EN BREF<\/a><\/h4>\r\n<a href=\"https:\/\/sustainableforestryinitiativeinc.my.salesforce-sites.com\/formstack\/apex\/VisualAntidote__HostedFastForm?h=CIHEF\" target=\"_blank\"><b>INSCRIVEZ-VOUS<\/b><\/a> \u00e0 notre info-lettre mensuelle.\r\n<div class=\"fusion-separator fusion-full-width-sep\" style=\"align-self: center;margin-left: auto;margin-right: auto;margin-top:20px;margin-bottom:10px;width:100%;\"><div class=\"fusion-separator-border sep-single sep-solid\" style=\"--awb-height:20px;--awb-amount:20px;--awb-sep-color:#d6d6d6;border-color:#d6d6d6;border-top-width:1px;\"><\/div><\/div>\r\n<h4><a href=\"\/fr\/blogue-sfi\/\">SFI BLOGUE<\/a><\/h4>\r\n<a href=\"https:\/\/sustainableforestryinitiativeinc.my.salesforce-sites.com\/formstack\/apex\/VisualAntidote__HostedFastForm?h=BB2NL\" target=\"_blank\"><b>INSCRIVEZ-VOUS<\/b><\/a> pour recevoir nos messages.\r\n<div class=\"fusion-separator fusion-full-width-sep\" style=\"align-self: center;margin-left: auto;margin-right: auto;margin-top:20px;margin-bottom:10px;width:100%;\"><div class=\"fusion-separator-border sep-single sep-solid\" style=\"--awb-height:20px;--awb-amount:20px;--awb-sep-color:#d6d6d6;border-color:#d6d6d6;border-top-width:1px;\"><\/div><\/div>\r\n<h4 style=\"margin-top:0px;\" ><a href=\"\/fr\/communiques\/\">COMMUNIQU\u00c9S<\/a><\/h4>\r\n<a href=\"https:\/\/sustainableforestryinitiativeinc.my.salesforce-sites.com\/formstack\/apex\/VisualAntidote__HostedFastForm?h=NXR7Y\" target=\"_blank\"><b>INSCRIVEZ-VOUS<\/b><\/a> pour recevoir les derni\u00e8res nouvelles de SFI.\r\n<div class=\"fusion-separator fusion-full-width-sep\" style=\"align-self: center;margin-left: auto;margin-right: auto;margin-top:20px;margin-bottom:10px;width:100%;\"><div class=\"fusion-separator-border sep-single sep-solid\" style=\"--awb-height:20px;--awb-amount:20px;--awb-sep-color:#d6d6d6;border-color:#d6d6d6;border-top-width:1px;\"><\/div><\/div><\/div><\/div><div id=\"custom_html-37\" class=\"widget_text widget widget_custom_html\" style=\"border-style: solid;border-color:transparent;border-width:0px;\"><div class=\"textwidget custom-html-widget\"><div class=\"fusion-modal modal fade modal-1 Bref-signup\" tabindex=\"-1\" role=\"dialog\" aria-labelledby=\"modal-heading-1\" aria-hidden=\"true\" style=\"--awb-border-color:#ebebeb;--awb-background:#f6f6f6;\"><div class=\"modal-dialog modal-lg\" role=\"document\"><div class=\"modal-content fusion-modal-content\"><div class=\"modal-header\"><button class=\"close\" type=\"button\" data-dismiss=\"modal\" aria-hidden=\"true\" aria-label=\"Close\">&times;<\/button><h3 class=\"modal-title\" id=\"modal-heading-1\" data-dismiss=\"modal\" aria-hidden=\"true\"><\/h3><\/div><div class=\"modal-body fusion-clearfix\">\r\n<iframe src=\"https:\/\/sustainableforestryinitiativeinc.my.salesforce-sites.com\/formstack\/apex\/VisualAntidote__HostedFastForm?h=CIHEF\" height=\"900\" width=\"100%\"><\/iframe>\r\n<\/div><div class=\"modal-footer\"><button class=\"fusion-button button-default button-medium button default medium\" type=\"button\" data-dismiss=\"modal\">Close<\/button><\/div><\/div><\/div><\/div><\/div><\/div><div id=\"custom_html-48\" class=\"widget_text widget widget_custom_html\" style=\"border-style: solid;border-color:transparent;border-width:0px;\"><div class=\"textwidget custom-html-widget\"><div class=\"fusion-modal modal fade modal-2 Blog-signup\" tabindex=\"-1\" role=\"dialog\" aria-labelledby=\"modal-heading-2\" aria-hidden=\"true\" style=\"--awb-border-color:#ebebeb;--awb-background:#f6f6f6;\"><div class=\"modal-dialog modal-lg\" role=\"document\"><div class=\"modal-content fusion-modal-content\"><div class=\"modal-header\"><button class=\"close\" type=\"button\" data-dismiss=\"modal\" aria-hidden=\"true\" aria-label=\"Close\">&times;<\/button><h3 class=\"modal-title\" id=\"modal-heading-2\" data-dismiss=\"modal\" aria-hidden=\"true\"><\/h3><\/div><div class=\"modal-body fusion-clearfix\">\r\n<iframe src=\"https:\/\/sustainableforestryinitiativeinc.my.salesforce-sites.com\/formstack\/apex\/VisualAntidote__HostedFastForm?h=BB2NL\" height=\"650\" width=\"100%\"><\/iframe>\r\n<\/div><div class=\"modal-footer\"><button class=\"fusion-button button-default button-medium button default medium\" type=\"button\" data-dismiss=\"modal\">Close<\/button><\/div><\/div><\/div><\/div>\r\n<\/div><\/div><div id=\"custom_html-49\" class=\"widget_text widget widget_custom_html\" style=\"border-style: solid;border-color:transparent;border-width:0px;\"><div class=\"textwidget custom-html-widget\"><div class=\"fusion-modal modal fade modal-3 News-signup\" tabindex=\"-1\" role=\"dialog\" aria-labelledby=\"modal-heading-3\" aria-hidden=\"true\" style=\"--awb-border-color:#ebebeb;--awb-background:#f6f6f6;\"><div class=\"modal-dialog modal-lg\" role=\"document\"><div class=\"modal-content fusion-modal-content\"><div class=\"modal-header\"><button class=\"close\" type=\"button\" data-dismiss=\"modal\" aria-hidden=\"true\" aria-label=\"Close\">&times;<\/button><h3 class=\"modal-title\" id=\"modal-heading-3\" data-dismiss=\"modal\" aria-hidden=\"true\"><\/h3><\/div><div class=\"modal-body fusion-clearfix\">\r\n<iframe src=\"https:\/\/sustainableforestryinitiativeinc.my.salesforce-sites.com\/formstack\/apex\/VisualAntidote__HostedFastForm?h=NXR7Y\" height=\"650\" width=\"100%\"><\/iframe>\r\n<\/div><div class=\"modal-footer\"><button class=\"fusion-button button-default button-medium button default medium\" type=\"button\" data-dismiss=\"modal\">Close<\/button><\/div><\/div><\/div><\/div><\/div><\/div><div class=\"fusion-additional-widget-content\"><\/div><\/div><div class=\"fusion-separator fusion-full-width-sep\" style=\"align-self: center;margin-left: auto;margin-right: auto;margin-bottom:60px;width:100%;\"><\/div><div class=\"fusion-image-element \" style=\"text-align:center;--awb-max-width:250px;--awb-caption-title-font-family:var(--h2_typography-font-family);--awb-caption-title-font-weight:var(--h2_typography-font-weight);--awb-caption-title-font-style:var(--h2_typography-font-style);--awb-caption-title-size:var(--h2_typography-font-size);--awb-caption-title-transform:var(--h2_typography-text-transform);--awb-caption-title-line-height:var(--h2_typography-line-height);--awb-caption-title-letter-spacing:var(--h2_typography-letter-spacing);\"><span class=\" fusion-imageframe imageframe-none imageframe-6 hover-type-none\"><img decoding=\"async\" width=\"300\" height=\"300\" alt=\"SFI logo\" title=\"SFI logo\" src=\"https:\/\/forests.org\/wp-content\/uploads\/SFI_00001_new.svg\" data-orig-src=\"https:\/\/forests.org\/wp-content\/uploads\/SFI_00001_new.svg\" class=\"lazyload img-responsive wp-image-787610\" srcset=\"data:image\/svg+xml,%3Csvg%20xmlns%3D%27http%3A%2F%2Fwww.w3.org%2F2000%2Fsvg%27%20width%3D%27311%27%20height%3D%27169%27%20viewBox%3D%270%200%20311%20169%27%3E%3Crect%20width%3D%27311%27%20height%3D%27169%27%20fill-opacity%3D%220%22%2F%3E%3C%2Fsvg%3E\" data-srcset=\"https:\/\/forests.org\/wp-content\/uploads\/SFI_00001_new.svg 150w, https:\/\/forests.org\/wp-content\/uploads\/SFI_00001_new.svg 300w, https:\/\/forests.org\/wp-content\/uploads\/SFI_00001_new.svg 1024w\" data-sizes=\"auto\" data-orig-sizes=\"(max-width: 1024px) 100vw, (max-width: 480px) 100vw, 300px\" \/><\/span><\/div><\/p>\n<h4 class=\"sidebar-titles\">\u00c0 propos de SFI<\/h4>\n<p class=\"subtext\">La Sustainable Forestry Initiative (SFI) fait progresser la durabilit\u00e9 par le biais de collaborations ax\u00e9es sur la for\u00eat. Organisme ind\u00e9pendant \u00e0 but non lucratif, SFI s\u2019appuie sur quatre piliers interreli\u00e9s : les normes, la conservation, les collectivit\u00e9s et l\u2019\u00e9ducation. SFI collabore avec le secteur forestier, les groupes de conservation, les chercheurs, les propri\u00e9taires de marques, les professionnels des ressources, les propri\u00e9taires fonciers, les enseignants, les collectivit\u00e9s locales, les peuples autochtones et les administrations publiques. De concert avec notre r\u00e9seau, nous utilisons les puissants outils que sont les for\u00eats et produits certifi\u00e9s SFI pour contribuer \u00e0 relever les d\u00e9fis entourant la durabilit\u00e9 tels que l\u2019action pour le climat, la conservation de la biodiversit\u00e9, l\u2019\u00e9ducation des g\u00e9n\u00e9rations futures et le d\u00e9veloppement \u00e9conomique durable.<\/p>\n<div class=\"fusion-separator fusion-full-width-sep\" style=\"align-self: center;margin-left: auto;margin-right: auto;margin-bottom:20px;width:100%;\"><\/div>\n<h4 class=\"sidebar-titles\">Contact m\u00e9dias<\/h4>\n<p class=\"subtext\"><strong>Christine Leduc<\/strong><br \/>\nVice-pr\u00e9sidente, Op\u00e9rations et Communications canadiennes, SFI\u200b et Pr\u00e9sidente, APLA Canada<br \/>\nSustainable Forestry Initiative<br \/>\n613-706-1114<br \/>\n<a href=\"&#109;a&#105;l&#116;o&#x3a;m&#x65;d&#x69;a&#x40;f&#x6f;r&#x65;s&#x74;s&#x2e;o&#x72;g\">&#109;e&#x64;i&#x61;&#64;&#x66;o&#x72;e&#x73;t&#x73;&#46;&#x6f;&#114;&#x67;<\/a><\/p>\n<\/div>\n<div class=\"fusion-text fusion-text-8 fusion-text-no-margin\" style=\"--awb-margin-bottom:10px;\"><h4>Contact \u2013 Foresterie urbaine<\/h4>\n<\/div><div class=\"fusion-text fusion-text-9\"><p class=\"subtext\"><strong>Meagan \u00ab Meg \u00bb Hanna<\/strong><br \/>\nDirectrice de la foresterie urbaine et communautaire pour le Canada<br \/>\nSustainable Forestry Initiative<br \/>\n613-800-3074<br \/>\n<a href=\"&#x6d;&#x61;&#x69;&#108;&#116;o:&#x6d;&#x65;&#x61;&#x67;&#97;&#110;&#46;h&#x61;&#x6e;&#x6e;&#97;&#64;&#102;or&#x65;&#x73;&#x74;&#115;&#46;or&#x67;\">&#x6d;e&#x61;&#103;&#x61;&#x6e;&#46;&#x68;&#97;&#x6e;&#x6e;a&#x40;&#102;&#x6f;&#x72;e&#x73;&#116;&#x73;&#x2e;o&#x72;&#103;<\/a><\/p>\n<p class=\"subtext\"><strong>Michael Martini<\/strong><br \/>\nDirecteur, Foresterie urbaine et communautaire, \u00c9tats-Unis<br \/>\nSustainable Forestry Initiative<br \/>\n202-918-4701<br \/>\n<a href=\"&#x6d;&#97;i&#x6c;&#116;o&#x3a;&#109;i&#x63;&#x68;&#97;&#x65;&#x6c;&#46;m&#x61;&#114;t&#x69;&#110;i&#x40;&#x66;&#111;&#x72;&#x65;&#115;t&#x73;&#46;o&#x72;&#103;\">m&#105;&#99;&#x68;&#x61;&#x65;l&#46;&#109;&#97;&#x72;&#x74;&#x69;n&#105;&#64;&#102;&#x6f;&#x72;&#x65;s&#116;&#115;&#x2e;&#x6f;&#x72;g<\/a><\/p>\n<\/div><div class=\"fusion-text fusion-text-10 fusion-text-no-margin\" style=\"--awb-margin-top:60px;--awb-margin-bottom:10px;\"><h4>A propos d&rsquo;Arbor Day<\/h4>\n<\/div><div class=\"fusion-text fusion-text-11\"><p class=\"subtext\">Fond\u00e9e en 1972, ann\u00e9e du centenaire de la premi\u00e8re c\u00e9l\u00e9bration de l&rsquo;Arbor Day, la Fondation Arbor Day est la plus grande organisation \u00e0 but non lucratif 501(c)3 d\u00e9di\u00e9e \u00e0 la plantation d&rsquo;arbres. Plus d&rsquo;un million de membres, de sympathisants et de pr\u00e9cieux partenaires nous ont aid\u00e9s \u00e0 planter plus de 350 millions d&rsquo;arbres dans les quartiers, les communaut\u00e9s, les villes et les for\u00eats du monde entier afin de garantir un avenir plus vert et plus sain pour tous. Notre vision est d&rsquo;aider les autres \u00e0 comprendre et \u00e0 utiliser les arbres comme une solution \u00e0 de nombreux probl\u00e8mes mondiaux auxquels nous sommes confront\u00e9s aujourd&rsquo;hui, notamment la qualit\u00e9 de l&rsquo;air, la qualit\u00e9 de l&rsquo;eau, le changement climatique, la d\u00e9forestation, la pauvret\u00e9 et la faim. L&rsquo;impact que nous avons sur notre monde est accompli par nos programmes de conservation et d&rsquo;\u00e9ducation. Nous travaillons \u00e0 la restauration des for\u00eats, \u00e0 l&rsquo;am\u00e9lioration du couvert forestier dans les communaut\u00e9s et nous inspirons la prochaine g\u00e9n\u00e9ration de planteurs d&rsquo;arbres afin de garantir la p\u00e9rennit\u00e9 de ce travail important. Pour en savoir plus : <a href=\"https:\/\/www.arborday.org\/\">arborday.org<\/a>.<\/p>\n<\/div><div class=\"fusion-text fusion-text-12 fusion-text-no-margin\" style=\"--awb-margin-top:60px;--awb-margin-bottom:10px;\"><h4>\u00c0 propos d&rsquo;Arbres Canada<\/h4>\n<\/div><div class=\"fusion-text fusion-text-13\"><p class=\"subtext\">Nous sommes la seule organisation nationale \u00e0 but non lucratif qui se consacre \u00e0 la plantation et \u00e0 l&rsquo;entretien des arbres en milieu rural et urbain. Gr\u00e2ce \u00e0 nos programmes, \u00e0 nos recherches et \u00e0 nos efforts \u00e9ducatifs, nous avons contribu\u00e9 \u00e0 restaurer le couvert forestier dans des zones touch\u00e9es par des catastrophes naturelles, \u00e0 guider les communaut\u00e9s dans la gestion de leurs for\u00eats urbaines, \u00e0 aider \u00e0 verdir 700 cours d&rsquo;\u00e9cole et \u00e0 organiser des colloques sur les for\u00eats urbaines. \u00c0 ce jour, avec nos partenaires communautaires et nos commanditaires, nous avons plant\u00e9 plus de 83 millions d&rsquo;arbres. Pour en savoir plus : <a href=\"https:\/\/treecanada.ca\/about-us\/\">arbrescanada.ca<\/a>.<\/p>\n<\/div><div class=\"fusion-text fusion-text-14 fusion-text-no-margin\" style=\"--awb-margin-top:60px;--awb-margin-bottom:10px;\"><h4>\u00c0 propos d&rsquo;American Forests<\/h4>\n<\/div><div class=\"fusion-text fusion-text-15\"><p class=\"subtext\">American Forests est la plus ancienne organisation nationale de conservation \u00e0 but non lucratif des \u00c9tats-Unis. Depuis notre fondation en 1875, nous avons \u00e9t\u00e9 les pionniers de la cr\u00e9ation de for\u00eats saines d&rsquo;un oc\u00e9an \u00e0 l&rsquo;autre. Au d\u00e9but des ann\u00e9es 1900, par exemple, nous avons ralli\u00e9 les d\u00e9fenseurs des for\u00eats pour revendiquer la cr\u00e9ation du service forestier am\u00e9ricain. En 2018, nous avons men\u00e9 \u00e0 bien une campagne de dix ans visant \u00e0 persuader le Congr\u00e8s de fournir un financement stable pour la pr\u00e9vention et la lutte contre les incendies de for\u00eat. Maintenant, nous nous concentrons sur la construction d&rsquo;un mouvement de reboisement en Am\u00e9rique, tant dans les villes que dans les paysages ruraux. Nous d\u00e9pendons tous des for\u00eats pour survivre et prosp\u00e9rer, \u00e9tant donn\u00e9 le pouvoir qu&rsquo;elles ont de filtrer notre air et notre eau, de fournir des emplois, d&rsquo;att\u00e9nuer le changement climatique et plus encore. Mais nos for\u00eats se sont d\u00e9grad\u00e9es et ont \u00e9t\u00e9 d\u00e9truites \u00e0 un rythme rapide et \u00e0 grande \u00e9chelle. Toutefois, si nous prenons soin de nos for\u00eats, elles prendront soin de nous. Pour en savoir plus : <a href=\"https:\/\/www.americanforests.org\/about-us\/mission\/\">americanforests.org<\/a>.<\/p>\n<\/div><div class=\"fusion-text fusion-text-16 fusion-text-no-margin\" style=\"--awb-margin-top:60px;--awb-margin-bottom:10px;\"><h4>\u00c0 propos de l\u2019International Society of Arboriculture<\/h4>\n<\/div><div class=\"fusion-text fusion-text-17\"><p class=\"subtext\">Par le biais de la recherche, de la technologie et de l&rsquo;\u00e9ducation, l&rsquo;International Society of Arboriculture (ISA) promeut la pratique professionnelle de l&rsquo;arboriculture et favorise une plus grande prise de conscience mondiale des avantages des arbres. C&rsquo;est notre passion et c&rsquo;est notre mission. L&rsquo;ISA existe pour que les professionnels, les professions connexes, les fonctionnaires et les consommateurs du monde entier reconnaissent les avantages et les valeurs \u00e9conomiques, environnementales et soci\u00e9tales des arbres et de leur entretien \u00e0 un co\u00fbt qui t\u00e9moigne d&rsquo;une gestion avis\u00e9e des ressources. Pour en savoir plus : <a href=\"https:\/\/www.isa-arbor.com\/\">isa-arbor.com<\/a>.<\/p>\n<\/div><div class=\"fusion-text fusion-text-18 fusion-text-no-margin\" style=\"--awb-margin-top:60px;--awb-margin-bottom:10px;\"><h4>\u00c0 propos de la Society of Municipal Arborists<\/h4>\n<\/div><div class=\"fusion-text fusion-text-19\"><p class=\"subtext\">Fond\u00e9e en 1964, la Society of Municipal Arborists (SMA) est un regroupement important d&rsquo;arboristes municipaux et de forestiers urbains. Nos membres comprennent \u00e9galement des consultants, des entreprises commerciales, des organismes sans but lucratif, des comit\u00e9s de gestion des for\u00eats urbaines, des groupes de protection des arbres, des professionnels apparent\u00e9s et des citoyens qui pratiquent ou soutiennent activement une facette de la foresterie municipale. Affili\u00e9e \u00e0 l&rsquo;International Society of Arboriculture, la SMA compte des membres dans toute l&rsquo;Am\u00e9rique du Nord et au-del\u00e0. Par le biais de notre magazine, <em>City Trees<\/em>, de nos congr\u00e8s, de notre site Web et de nos nombreux membres actifs, nous nous effor\u00e7ons de cr\u00e9er des possibilit\u00e9s de r\u00e9seautage et de formation qui favorisent la gestion saine et professionnelle d&rsquo;une ressource vitale et inestimable. Pour en savoir plus : <a href=\"https:\/\/www.urban-forestry.com\/about-sma\">urban-forestry.com<\/a>.<\/p>\n<\/div><\/div><\/div><\/div><\/div>\n","protected":false},"excerpt":{"rendered":"<p>Des chefs de file du secteur des normes et de la foresterie urbaine collaborent \u00e0 l\u2019\u00e9laboration de la nouvelle norme de durabilit\u00e9 des for\u00eats urbaines et communautaires de sfi.<\/p>\n","protected":false},"author":1,"featured_media":783709,"comment_status":"closed","ping_status":"closed","sticky":false,"template":"","format":"standard","meta":{"_exactmetrics_skip_tracking":false,"_exactmetrics_sitenote_active":false,"_exactmetrics_sitenote_note":"","_exactmetrics_sitenote_category":0,"footnotes":""},"categories":[380],"tags":[],"wf_post_folders":[470],"class_list":["post-772758","post","type-post","status-publish","format-standard","has-post-thumbnail","hentry","category-communique"],"yoast_head":"<!-- This site is optimized with the Yoast SEO plugin v27.3 - https:\/\/yoast.com\/product\/yoast-seo-wordpress\/ -->\n<title>Des chefs de file du secteur des normes et de la foresterie urbaine collaborent \u00e0 l\u2019\u00e9laboration de la nouvelle norme de durabilit\u00e9 des for\u00eats urbaines et communautaires de sfi - forests.org<\/title>\n<meta name=\"description\" content=\"Des chefs de file du secteur des normes et de la foresterie urbaine collaborent \u00e0 l\u2019\u00e9laboration de la nouvelle norme de durabilit\u00e9 des for\u00eats urbaines et communautaires de sfi.\" \/>\n<meta name=\"robots\" content=\"index, follow, max-snippet:-1, max-image-preview:large, max-video-preview:-1\" \/>\n<link rel=\"canonical\" href=\"https:\/\/forests.org\/fr\/des-chefs-de-file-du-secteur-des-normes-et-de-la-foresterie-urbaine-collaborent-a-lelaboration-de-la-nouvelle-norme-de-durabilite-des-forets-urbaines-et-communautaires-de-sfi\/\" \/>\n<meta property=\"og:locale\" content=\"fr_FR\" \/>\n<meta property=\"og:type\" content=\"article\" \/>\n<meta property=\"og:title\" content=\"Des chefs de file du secteur des normes et de la foresterie urbaine collaborent \u00e0 l\u2019\u00e9laboration de la nouvelle norme de durabilit\u00e9 des for\u00eats urbaines et communautaires de sfi - forests.org\" \/>\n<meta property=\"og:description\" content=\"Des chefs de file du secteur des normes et de la foresterie urbaine collaborent \u00e0 l\u2019\u00e9laboration de la nouvelle norme de durabilit\u00e9 des for\u00eats urbaines et communautaires de sfi.\" \/>\n<meta property=\"og:url\" content=\"https:\/\/forests.org\/fr\/des-chefs-de-file-du-secteur-des-normes-et-de-la-foresterie-urbaine-collaborent-a-lelaboration-de-la-nouvelle-norme-de-durabilite-des-forets-urbaines-et-communautaires-de-sfi\/\" \/>\n<meta property=\"og:site_name\" content=\"forests.org\" \/>\n<meta property=\"article:publisher\" content=\"https:\/\/www.facebook.com\/SustainableForestryInitiative\" \/>\n<meta property=\"article:published_time\" content=\"2021-04-01T10:30:39+00:00\" \/>\n<meta property=\"article:modified_time\" content=\"2025-06-02T18:01:11+00:00\" \/>\n<meta property=\"og:image\" content=\"https:\/\/forests.org\/wp-content\/uploads\/UrbanForests_600x400-1.jpg\" \/>\n\t<meta property=\"og:image:width\" content=\"600\" \/>\n\t<meta property=\"og:image:height\" content=\"400\" \/>\n\t<meta property=\"og:image:type\" content=\"image\/jpeg\" \/>\n<meta name=\"author\" content=\"SFI Admin\" \/>\n<meta name=\"twitter:card\" content=\"summary_large_image\" \/>\n<meta name=\"twitter:creator\" content=\"@sfiprogram\" \/>\n<meta name=\"twitter:site\" content=\"@sfiprogram\" \/>\n<meta name=\"twitter:label1\" content=\"\u00c9crit par\" \/>\n\t<meta name=\"twitter:data1\" content=\"SFI Admin\" \/>\n\t<meta name=\"twitter:label2\" content=\"Dur\u00e9e de lecture estim\u00e9e\" \/>\n\t<meta name=\"twitter:data2\" content=\"12 minutes\" \/>\n<script type=\"application\/ld+json\" class=\"yoast-schema-graph\">{\"@context\":\"https:\\\/\\\/schema.org\",\"@graph\":[{\"@type\":\"Article\",\"@id\":\"https:\\\/\\\/forests.org\\\/fr\\\/des-chefs-de-file-du-secteur-des-normes-et-de-la-foresterie-urbaine-collaborent-a-lelaboration-de-la-nouvelle-norme-de-durabilite-des-forets-urbaines-et-communautaires-de-sfi\\\/#article\",\"isPartOf\":{\"@id\":\"https:\\\/\\\/forests.org\\\/fr\\\/des-chefs-de-file-du-secteur-des-normes-et-de-la-foresterie-urbaine-collaborent-a-lelaboration-de-la-nouvelle-norme-de-durabilite-des-forets-urbaines-et-communautaires-de-sfi\\\/\"},\"author\":{\"name\":\"SFI Admin\",\"@id\":\"https:\\\/\\\/forests.org\\\/fr\\\/#\\\/schema\\\/person\\\/bad0dce0264624d24e32c8559bb4bc3d\"},\"headline\":\"Des chefs de file du secteur des normes et de la foresterie urbaine collaborent \u00e0 l\u2019\u00e9laboration de la nouvelle norme de durabilit\u00e9 des for\u00eats urbaines et communautaires de sfi\",\"datePublished\":\"2021-04-01T10:30:39+00:00\",\"dateModified\":\"2025-06-02T18:01:11+00:00\",\"mainEntityOfPage\":{\"@id\":\"https:\\\/\\\/forests.org\\\/fr\\\/des-chefs-de-file-du-secteur-des-normes-et-de-la-foresterie-urbaine-collaborent-a-lelaboration-de-la-nouvelle-norme-de-durabilite-des-forets-urbaines-et-communautaires-de-sfi\\\/\"},\"wordCount\":6927,\"publisher\":{\"@id\":\"https:\\\/\\\/forests.org\\\/fr\\\/#organization\"},\"image\":{\"@id\":\"https:\\\/\\\/forests.org\\\/fr\\\/des-chefs-de-file-du-secteur-des-normes-et-de-la-foresterie-urbaine-collaborent-a-lelaboration-de-la-nouvelle-norme-de-durabilite-des-forets-urbaines-et-communautaires-de-sfi\\\/#primaryimage\"},\"thumbnailUrl\":\"https:\\\/\\\/forests.org\\\/wp-content\\\/uploads\\\/UrbanForests_600x400-1.jpg\",\"articleSection\":[\"Communiqu\u00e9\"],\"inLanguage\":\"fr-FR\"},{\"@type\":\"WebPage\",\"@id\":\"https:\\\/\\\/forests.org\\\/fr\\\/des-chefs-de-file-du-secteur-des-normes-et-de-la-foresterie-urbaine-collaborent-a-lelaboration-de-la-nouvelle-norme-de-durabilite-des-forets-urbaines-et-communautaires-de-sfi\\\/\",\"url\":\"https:\\\/\\\/forests.org\\\/fr\\\/des-chefs-de-file-du-secteur-des-normes-et-de-la-foresterie-urbaine-collaborent-a-lelaboration-de-la-nouvelle-norme-de-durabilite-des-forets-urbaines-et-communautaires-de-sfi\\\/\",\"name\":\"Des chefs de file du secteur des normes et de la foresterie urbaine collaborent \u00e0 l\u2019\u00e9laboration de la nouvelle norme de durabilit\u00e9 des for\u00eats urbaines et communautaires de sfi - forests.org\",\"isPartOf\":{\"@id\":\"https:\\\/\\\/forests.org\\\/fr\\\/#website\"},\"primaryImageOfPage\":{\"@id\":\"https:\\\/\\\/forests.org\\\/fr\\\/des-chefs-de-file-du-secteur-des-normes-et-de-la-foresterie-urbaine-collaborent-a-lelaboration-de-la-nouvelle-norme-de-durabilite-des-forets-urbaines-et-communautaires-de-sfi\\\/#primaryimage\"},\"image\":{\"@id\":\"https:\\\/\\\/forests.org\\\/fr\\\/des-chefs-de-file-du-secteur-des-normes-et-de-la-foresterie-urbaine-collaborent-a-lelaboration-de-la-nouvelle-norme-de-durabilite-des-forets-urbaines-et-communautaires-de-sfi\\\/#primaryimage\"},\"thumbnailUrl\":\"https:\\\/\\\/forests.org\\\/wp-content\\\/uploads\\\/UrbanForests_600x400-1.jpg\",\"datePublished\":\"2021-04-01T10:30:39+00:00\",\"dateModified\":\"2025-06-02T18:01:11+00:00\",\"description\":\"Des chefs de file du secteur des normes et de la foresterie urbaine collaborent \u00e0 l\u2019\u00e9laboration de la nouvelle norme de durabilit\u00e9 des for\u00eats urbaines et communautaires de sfi.\",\"breadcrumb\":{\"@id\":\"https:\\\/\\\/forests.org\\\/fr\\\/des-chefs-de-file-du-secteur-des-normes-et-de-la-foresterie-urbaine-collaborent-a-lelaboration-de-la-nouvelle-norme-de-durabilite-des-forets-urbaines-et-communautaires-de-sfi\\\/#breadcrumb\"},\"inLanguage\":\"fr-FR\",\"potentialAction\":[{\"@type\":\"ReadAction\",\"target\":[\"https:\\\/\\\/forests.org\\\/fr\\\/des-chefs-de-file-du-secteur-des-normes-et-de-la-foresterie-urbaine-collaborent-a-lelaboration-de-la-nouvelle-norme-de-durabilite-des-forets-urbaines-et-communautaires-de-sfi\\\/\"]}]},{\"@type\":\"ImageObject\",\"inLanguage\":\"fr-FR\",\"@id\":\"https:\\\/\\\/forests.org\\\/fr\\\/des-chefs-de-file-du-secteur-des-normes-et-de-la-foresterie-urbaine-collaborent-a-lelaboration-de-la-nouvelle-norme-de-durabilite-des-forets-urbaines-et-communautaires-de-sfi\\\/#primaryimage\",\"url\":\"https:\\\/\\\/forests.org\\\/wp-content\\\/uploads\\\/UrbanForests_600x400-1.jpg\",\"contentUrl\":\"https:\\\/\\\/forests.org\\\/wp-content\\\/uploads\\\/UrbanForests_600x400-1.jpg\",\"width\":600,\"height\":400,\"caption\":\"Sunny Green Park and beautiful day in nature\"},{\"@type\":\"BreadcrumbList\",\"@id\":\"https:\\\/\\\/forests.org\\\/fr\\\/des-chefs-de-file-du-secteur-des-normes-et-de-la-foresterie-urbaine-collaborent-a-lelaboration-de-la-nouvelle-norme-de-durabilite-des-forets-urbaines-et-communautaires-de-sfi\\\/#breadcrumb\",\"itemListElement\":[{\"@type\":\"ListItem\",\"position\":1,\"name\":\"Home\",\"item\":\"https:\\\/\\\/forests.org\\\/fr\\\/\"},{\"@type\":\"ListItem\",\"position\":2,\"name\":\"Des chefs de file du secteur des normes et de la foresterie urbaine collaborent \u00e0 l\u2019\u00e9laboration de la nouvelle norme de durabilit\u00e9 des for\u00eats urbaines et communautaires de sfi\"}]},{\"@type\":\"WebSite\",\"@id\":\"https:\\\/\\\/forests.org\\\/fr\\\/#website\",\"url\":\"https:\\\/\\\/forests.org\\\/fr\\\/\",\"name\":\"forests.org\",\"description\":\"\",\"publisher\":{\"@id\":\"https:\\\/\\\/forests.org\\\/fr\\\/#organization\"},\"potentialAction\":[{\"@type\":\"SearchAction\",\"target\":{\"@type\":\"EntryPoint\",\"urlTemplate\":\"https:\\\/\\\/forests.org\\\/fr\\\/?s={search_term_string}\"},\"query-input\":{\"@type\":\"PropertyValueSpecification\",\"valueRequired\":true,\"valueName\":\"search_term_string\"}}],\"inLanguage\":\"fr-FR\"},{\"@type\":\"Organization\",\"@id\":\"https:\\\/\\\/forests.org\\\/fr\\\/#organization\",\"name\":\"Sustainable Forestry Initiative\",\"url\":\"https:\\\/\\\/forests.org\\\/fr\\\/\",\"logo\":{\"@type\":\"ImageObject\",\"inLanguage\":\"fr-FR\",\"@id\":\"https:\\\/\\\/forests.org\\\/fr\\\/#\\\/schema\\\/logo\\\/image\\\/\",\"url\":\"https:\\\/\\\/forests.org\\\/wp-content\\\/uploads\\\/Grant-SFI-logo-FI2.jpg\",\"contentUrl\":\"https:\\\/\\\/forests.org\\\/wp-content\\\/uploads\\\/Grant-SFI-logo-FI2.jpg\",\"width\":400,\"height\":400,\"caption\":\"Sustainable Forestry Initiative\"},\"image\":{\"@id\":\"https:\\\/\\\/forests.org\\\/fr\\\/#\\\/schema\\\/logo\\\/image\\\/\"},\"sameAs\":[\"https:\\\/\\\/www.facebook.com\\\/SustainableForestryInitiative\",\"https:\\\/\\\/x.com\\\/sfiprogram\",\"https:\\\/\\\/www.linkedin.com\\\/company\\\/sustainable-forestry-initiative-inc-\",\"https:\\\/\\\/www.youtube.com\\\/user\\\/SFIProgram\"]},{\"@type\":\"Person\",\"@id\":\"https:\\\/\\\/forests.org\\\/fr\\\/#\\\/schema\\\/person\\\/bad0dce0264624d24e32c8559bb4bc3d\",\"name\":\"SFI Admin\",\"image\":{\"@type\":\"ImageObject\",\"inLanguage\":\"fr-FR\",\"@id\":\"https:\\\/\\\/secure.gravatar.com\\\/avatar\\\/a00ed11510f993847d7eec1cefc2e983b4802c3a4250c097ca0f96690e72eaad?s=96&d=mm&r=g\",\"url\":\"https:\\\/\\\/secure.gravatar.com\\\/avatar\\\/a00ed11510f993847d7eec1cefc2e983b4802c3a4250c097ca0f96690e72eaad?s=96&d=mm&r=g\",\"contentUrl\":\"https:\\\/\\\/secure.gravatar.com\\\/avatar\\\/a00ed11510f993847d7eec1cefc2e983b4802c3a4250c097ca0f96690e72eaad?s=96&d=mm&r=g\",\"caption\":\"SFI Admin\"}}]}<\/script>\n<!-- \/ Yoast SEO plugin. -->","yoast_head_json":{"title":"Des chefs de file du secteur des normes et de la foresterie urbaine collaborent \u00e0 l\u2019\u00e9laboration de la nouvelle norme de durabilit\u00e9 des for\u00eats urbaines et communautaires de sfi - forests.org","description":"Des chefs de file du secteur des normes et de la foresterie urbaine collaborent \u00e0 l\u2019\u00e9laboration de la nouvelle norme de durabilit\u00e9 des for\u00eats urbaines et communautaires de sfi.","robots":{"index":"index","follow":"follow","max-snippet":"max-snippet:-1","max-image-preview":"max-image-preview:large","max-video-preview":"max-video-preview:-1"},"canonical":"https:\/\/forests.org\/fr\/des-chefs-de-file-du-secteur-des-normes-et-de-la-foresterie-urbaine-collaborent-a-lelaboration-de-la-nouvelle-norme-de-durabilite-des-forets-urbaines-et-communautaires-de-sfi\/","og_locale":"fr_FR","og_type":"article","og_title":"Des chefs de file du secteur des normes et de la foresterie urbaine collaborent \u00e0 l\u2019\u00e9laboration de la nouvelle norme de durabilit\u00e9 des for\u00eats urbaines et communautaires de sfi - forests.org","og_description":"Des chefs de file du secteur des normes et de la foresterie urbaine collaborent \u00e0 l\u2019\u00e9laboration de la nouvelle norme de durabilit\u00e9 des for\u00eats urbaines et communautaires de sfi.","og_url":"https:\/\/forests.org\/fr\/des-chefs-de-file-du-secteur-des-normes-et-de-la-foresterie-urbaine-collaborent-a-lelaboration-de-la-nouvelle-norme-de-durabilite-des-forets-urbaines-et-communautaires-de-sfi\/","og_site_name":"forests.org","article_publisher":"https:\/\/www.facebook.com\/SustainableForestryInitiative","article_published_time":"2021-04-01T10:30:39+00:00","article_modified_time":"2025-06-02T18:01:11+00:00","og_image":[{"width":600,"height":400,"url":"https:\/\/forests.org\/wp-content\/uploads\/UrbanForests_600x400-1.jpg","type":"image\/jpeg"}],"author":"SFI Admin","twitter_card":"summary_large_image","twitter_creator":"@sfiprogram","twitter_site":"@sfiprogram","twitter_misc":{"\u00c9crit par":"SFI Admin","Dur\u00e9e de lecture estim\u00e9e":"12 minutes"},"schema":{"@context":"https:\/\/schema.org","@graph":[{"@type":"Article","@id":"https:\/\/forests.org\/fr\/des-chefs-de-file-du-secteur-des-normes-et-de-la-foresterie-urbaine-collaborent-a-lelaboration-de-la-nouvelle-norme-de-durabilite-des-forets-urbaines-et-communautaires-de-sfi\/#article","isPartOf":{"@id":"https:\/\/forests.org\/fr\/des-chefs-de-file-du-secteur-des-normes-et-de-la-foresterie-urbaine-collaborent-a-lelaboration-de-la-nouvelle-norme-de-durabilite-des-forets-urbaines-et-communautaires-de-sfi\/"},"author":{"name":"SFI Admin","@id":"https:\/\/forests.org\/fr\/#\/schema\/person\/bad0dce0264624d24e32c8559bb4bc3d"},"headline":"Des chefs de file du secteur des normes et de la foresterie urbaine collaborent \u00e0 l\u2019\u00e9laboration de la nouvelle norme de durabilit\u00e9 des for\u00eats urbaines et communautaires de sfi","datePublished":"2021-04-01T10:30:39+00:00","dateModified":"2025-06-02T18:01:11+00:00","mainEntityOfPage":{"@id":"https:\/\/forests.org\/fr\/des-chefs-de-file-du-secteur-des-normes-et-de-la-foresterie-urbaine-collaborent-a-lelaboration-de-la-nouvelle-norme-de-durabilite-des-forets-urbaines-et-communautaires-de-sfi\/"},"wordCount":6927,"publisher":{"@id":"https:\/\/forests.org\/fr\/#organization"},"image":{"@id":"https:\/\/forests.org\/fr\/des-chefs-de-file-du-secteur-des-normes-et-de-la-foresterie-urbaine-collaborent-a-lelaboration-de-la-nouvelle-norme-de-durabilite-des-forets-urbaines-et-communautaires-de-sfi\/#primaryimage"},"thumbnailUrl":"https:\/\/forests.org\/wp-content\/uploads\/UrbanForests_600x400-1.jpg","articleSection":["Communiqu\u00e9"],"inLanguage":"fr-FR"},{"@type":"WebPage","@id":"https:\/\/forests.org\/fr\/des-chefs-de-file-du-secteur-des-normes-et-de-la-foresterie-urbaine-collaborent-a-lelaboration-de-la-nouvelle-norme-de-durabilite-des-forets-urbaines-et-communautaires-de-sfi\/","url":"https:\/\/forests.org\/fr\/des-chefs-de-file-du-secteur-des-normes-et-de-la-foresterie-urbaine-collaborent-a-lelaboration-de-la-nouvelle-norme-de-durabilite-des-forets-urbaines-et-communautaires-de-sfi\/","name":"Des chefs de file du secteur des normes et de la foresterie urbaine collaborent \u00e0 l\u2019\u00e9laboration de la nouvelle norme de durabilit\u00e9 des for\u00eats urbaines et communautaires de sfi - forests.org","isPartOf":{"@id":"https:\/\/forests.org\/fr\/#website"},"primaryImageOfPage":{"@id":"https:\/\/forests.org\/fr\/des-chefs-de-file-du-secteur-des-normes-et-de-la-foresterie-urbaine-collaborent-a-lelaboration-de-la-nouvelle-norme-de-durabilite-des-forets-urbaines-et-communautaires-de-sfi\/#primaryimage"},"image":{"@id":"https:\/\/forests.org\/fr\/des-chefs-de-file-du-secteur-des-normes-et-de-la-foresterie-urbaine-collaborent-a-lelaboration-de-la-nouvelle-norme-de-durabilite-des-forets-urbaines-et-communautaires-de-sfi\/#primaryimage"},"thumbnailUrl":"https:\/\/forests.org\/wp-content\/uploads\/UrbanForests_600x400-1.jpg","datePublished":"2021-04-01T10:30:39+00:00","dateModified":"2025-06-02T18:01:11+00:00","description":"Des chefs de file du secteur des normes et de la foresterie urbaine collaborent \u00e0 l\u2019\u00e9laboration de la nouvelle norme de durabilit\u00e9 des for\u00eats urbaines et communautaires de sfi.","breadcrumb":{"@id":"https:\/\/forests.org\/fr\/des-chefs-de-file-du-secteur-des-normes-et-de-la-foresterie-urbaine-collaborent-a-lelaboration-de-la-nouvelle-norme-de-durabilite-des-forets-urbaines-et-communautaires-de-sfi\/#breadcrumb"},"inLanguage":"fr-FR","potentialAction":[{"@type":"ReadAction","target":["https:\/\/forests.org\/fr\/des-chefs-de-file-du-secteur-des-normes-et-de-la-foresterie-urbaine-collaborent-a-lelaboration-de-la-nouvelle-norme-de-durabilite-des-forets-urbaines-et-communautaires-de-sfi\/"]}]},{"@type":"ImageObject","inLanguage":"fr-FR","@id":"https:\/\/forests.org\/fr\/des-chefs-de-file-du-secteur-des-normes-et-de-la-foresterie-urbaine-collaborent-a-lelaboration-de-la-nouvelle-norme-de-durabilite-des-forets-urbaines-et-communautaires-de-sfi\/#primaryimage","url":"https:\/\/forests.org\/wp-content\/uploads\/UrbanForests_600x400-1.jpg","contentUrl":"https:\/\/forests.org\/wp-content\/uploads\/UrbanForests_600x400-1.jpg","width":600,"height":400,"caption":"Sunny Green Park and beautiful day in nature"},{"@type":"BreadcrumbList","@id":"https:\/\/forests.org\/fr\/des-chefs-de-file-du-secteur-des-normes-et-de-la-foresterie-urbaine-collaborent-a-lelaboration-de-la-nouvelle-norme-de-durabilite-des-forets-urbaines-et-communautaires-de-sfi\/#breadcrumb","itemListElement":[{"@type":"ListItem","position":1,"name":"Home","item":"https:\/\/forests.org\/fr\/"},{"@type":"ListItem","position":2,"name":"Des chefs de file du secteur des normes et de la foresterie urbaine collaborent \u00e0 l\u2019\u00e9laboration de la nouvelle norme de durabilit\u00e9 des for\u00eats urbaines et communautaires de sfi"}]},{"@type":"WebSite","@id":"https:\/\/forests.org\/fr\/#website","url":"https:\/\/forests.org\/fr\/","name":"forests.org","description":"","publisher":{"@id":"https:\/\/forests.org\/fr\/#organization"},"potentialAction":[{"@type":"SearchAction","target":{"@type":"EntryPoint","urlTemplate":"https:\/\/forests.org\/fr\/?s={search_term_string}"},"query-input":{"@type":"PropertyValueSpecification","valueRequired":true,"valueName":"search_term_string"}}],"inLanguage":"fr-FR"},{"@type":"Organization","@id":"https:\/\/forests.org\/fr\/#organization","name":"Sustainable Forestry Initiative","url":"https:\/\/forests.org\/fr\/","logo":{"@type":"ImageObject","inLanguage":"fr-FR","@id":"https:\/\/forests.org\/fr\/#\/schema\/logo\/image\/","url":"https:\/\/forests.org\/wp-content\/uploads\/Grant-SFI-logo-FI2.jpg","contentUrl":"https:\/\/forests.org\/wp-content\/uploads\/Grant-SFI-logo-FI2.jpg","width":400,"height":400,"caption":"Sustainable Forestry Initiative"},"image":{"@id":"https:\/\/forests.org\/fr\/#\/schema\/logo\/image\/"},"sameAs":["https:\/\/www.facebook.com\/SustainableForestryInitiative","https:\/\/x.com\/sfiprogram","https:\/\/www.linkedin.com\/company\/sustainable-forestry-initiative-inc-","https:\/\/www.youtube.com\/user\/SFIProgram"]},{"@type":"Person","@id":"https:\/\/forests.org\/fr\/#\/schema\/person\/bad0dce0264624d24e32c8559bb4bc3d","name":"SFI Admin","image":{"@type":"ImageObject","inLanguage":"fr-FR","@id":"https:\/\/secure.gravatar.com\/avatar\/a00ed11510f993847d7eec1cefc2e983b4802c3a4250c097ca0f96690e72eaad?s=96&d=mm&r=g","url":"https:\/\/secure.gravatar.com\/avatar\/a00ed11510f993847d7eec1cefc2e983b4802c3a4250c097ca0f96690e72eaad?s=96&d=mm&r=g","contentUrl":"https:\/\/secure.gravatar.com\/avatar\/a00ed11510f993847d7eec1cefc2e983b4802c3a4250c097ca0f96690e72eaad?s=96&d=mm&r=g","caption":"SFI Admin"}}]}},"_links":{"self":[{"href":"https:\/\/forests.org\/fr\/wp-json\/wp\/v2\/posts\/772758","targetHints":{"allow":["GET"]}}],"collection":[{"href":"https:\/\/forests.org\/fr\/wp-json\/wp\/v2\/posts"}],"about":[{"href":"https:\/\/forests.org\/fr\/wp-json\/wp\/v2\/types\/post"}],"author":[{"embeddable":true,"href":"https:\/\/forests.org\/fr\/wp-json\/wp\/v2\/users\/1"}],"replies":[{"embeddable":true,"href":"https:\/\/forests.org\/fr\/wp-json\/wp\/v2\/comments?post=772758"}],"version-history":[{"count":0,"href":"https:\/\/forests.org\/fr\/wp-json\/wp\/v2\/posts\/772758\/revisions"}],"wp:featuredmedia":[{"embeddable":true,"href":"https:\/\/forests.org\/fr\/wp-json\/wp\/v2\/media\/783709"}],"wp:attachment":[{"href":"https:\/\/forests.org\/fr\/wp-json\/wp\/v2\/media?parent=772758"}],"wp:term":[{"taxonomy":"category","embeddable":true,"href":"https:\/\/forests.org\/fr\/wp-json\/wp\/v2\/categories?post=772758"},{"taxonomy":"post_tag","embeddable":true,"href":"https:\/\/forests.org\/fr\/wp-json\/wp\/v2\/tags?post=772758"},{"taxonomy":"wf_post_folders","embeddable":true,"href":"https:\/\/forests.org\/fr\/wp-json\/wp\/v2\/wf_post_folders?post=772758"}],"curies":[{"name":"wp","href":"https:\/\/api.w.org\/{rel}","templated":true}]}}