{"id":785029,"date":"2022-05-31T16:01:03","date_gmt":"2022-05-31T20:01:03","guid":{"rendered":"https:\/\/forests.org\/?p=785029"},"modified":"2023-06-20T13:21:17","modified_gmt":"2023-06-20T17:21:17","slug":"participez-au-congres-annuel-sfi-plt-2022-collaborer-pour-les-communautes-et-les-forets","status":"publish","type":"post","link":"https:\/\/forests.org\/fr\/participez-au-congres-annuel-sfi-plt-2022-collaborer-pour-les-communautes-et-les-forets\/","title":{"rendered":"Participez au congr\u00e8s annuel SFI\/PLT 2022 &#8211; Collaborer pour les communaut\u00e9s et les for\u00eats"},"content":{"rendered":"<div class=\"fusion-fullwidth fullwidth-box fusion-builder-row-1 fusion-flex-container has-pattern-background has-mask-background hundred-percent-fullwidth non-hundred-percent-height-scrolling\" style=\"--awb-border-radius-top-left:0px;--awb-border-radius-top-right:0px;--awb-border-radius-bottom-right:0px;--awb-border-radius-bottom-left:0px;--awb-flex-wrap:wrap;\" ><div class=\"fusion-builder-row fusion-row fusion-flex-align-items-flex-start fusion-flex-content-wrap\" style=\"width:104% !important;max-width:104% !important;margin-left: calc(-4% \/ 2 );margin-right: calc(-4% \/ 2 );\"><div class=\"fusion-layout-column fusion_builder_column fusion-builder-column-0 fusion_builder_column_3_4 3_4 fusion-flex-column\" style=\"--awb-bg-size:cover;--awb-width-large:75%;--awb-margin-top-large:0px;--awb-spacing-right-large:2.56%;--awb-margin-bottom-large:20px;--awb-spacing-left-large:2.56%;--awb-width-medium:100%;--awb-order-medium:0;--awb-spacing-right-medium:1.92%;--awb-spacing-left-medium:1.92%;--awb-width-small:100%;--awb-order-small:0;--awb-spacing-right-small:1.92%;--awb-spacing-left-small:1.92%;\"><div class=\"fusion-column-wrapper fusion-column-has-shadow fusion-flex-justify-content-flex-start fusion-content-layout-column\"><div class=\"fusion-image-element \" style=\"--awb-caption-title-font-family:var(--h2_typography-font-family);--awb-caption-title-font-weight:var(--h2_typography-font-weight);--awb-caption-title-font-style:var(--h2_typography-font-style);--awb-caption-title-size:var(--h2_typography-font-size);--awb-caption-title-transform:var(--h2_typography-text-transform);--awb-caption-title-line-height:var(--h2_typography-line-height);--awb-caption-title-letter-spacing:var(--h2_typography-letter-spacing);\"><span class=\" fusion-imageframe imageframe-none imageframe-1 hover-type-none\"><img decoding=\"async\" width=\"2560\" height=\"853\" title=\"AC_Header_2022_FR\" src=\"data:image\/svg+xml,%3Csvg%20xmlns%3D%27http%3A%2F%2Fwww.w3.org%2F2000%2Fsvg%27%20width%3D%272560%27%20height%3D%27853%27%20viewBox%3D%270%200%202560%20853%27%3E%3Crect%20width%3D%272560%27%20height%3D%27853%27%20fill-opacity%3D%220%22%2F%3E%3C%2Fsvg%3E\" data-orig-src=\"https:\/\/forests.org\/wp-content\/uploads\/AC_Header_2022_FR-scaled.jpg\" alt class=\"lazyload img-responsive wp-image-785031\"\/><\/span><\/div><div class=\"fusion-separator fusion-full-width-sep\" style=\"align-self: center;margin-left: auto;margin-right: auto;margin-bottom:20px;width:100%;\"><\/div><div class=\"fusion-text fusion-text-1\"><p>La <a href=\"https:\/\/forests.org\/fr\/\">Sustainable Forestry Initiative (SFI)<\/a> et <a href=\"https:\/\/www.plt.org\/\">Project Learning Tree (PLT)<\/a> animeront leur premier congr\u00e8s annuel conjoint du 14 au 16 juin \u00e0 Madison, dans le Wisconsin. Ayant pour th\u00e8me \u00ab <a href=\"https:\/\/forests.org\/fr\/fr-conference\/\">Collaborer pour les communaut\u00e9s et les for\u00eats<\/a> \u00bb, l&rsquo;\u00e9v\u00e9nement sera une semaine remplie de possibilit\u00e9s d&rsquo;apprentissage et d\u2019\u00e9changes sur les enjeux et les d\u00e9fis les plus pressants auxquels sont confront\u00e9s les gens et la plan\u00e8te enti\u00e8re. Nous porterons une attention particuli\u00e8re sur le r\u00f4le de l\u2019am\u00e9nagement forestier durable et de l&rsquo;\u00e9ducation environnementale dans la lutte contre les grands enjeux d\u2019actualit\u00e9.<\/p>\n<p>Les participants au congr\u00e8s repartiront de l&rsquo;\u00e9v\u00e9nement avec :<\/p>\n<ul>\n<li class=\"bullet\">Des id\u00e9es nouvelles et des exemples de pratiques exemplaires en mati\u00e8re de foresterie climato-intelligente et de r\u00e9silience face aux incendies.<\/li>\n<li class=\"bullet\">Des connaissances et outils pour atteindre les objectifs environnementaux, sociaux et de gouvernance (ESG) et en rendre compte.<\/li>\n<li class=\"bullet\">Des exemples concrets d\u2019initiatives mises de l\u2019avant par les chefs de file du secteur forestier en mati\u00e8re de diversit\u00e9, d&rsquo;\u00e9quit\u00e9 et d&rsquo;inclusion (DEI).<\/li>\n<li class=\"bullet\">Des voies \u00e0 suivre pour int\u00e9resser et former la prochaine g\u00e9n\u00e9ration de leaders du secteur forestier par le biais des programmes et activit\u00e9s de Project Learning Tree (PLT) et Apprendre par les arbres Canada.<\/li>\n<li class=\"bullet\">De nouvelles possibilit\u00e9s de faire progresser la durabilit\u00e9 gr\u00e2ce \u00e0 des collaborations ax\u00e9es sur la for\u00eat.<\/li>\n<li class=\"bullet\">Et bien plus encore!<\/li>\n<\/ul>\n<p>&nbsp;<\/p>\n<p><a href=\"https:\/\/forests.org\/fr\/fr-conference\/\">EN SAVOIR PLUS<\/a><\/p>\n<p>&nbsp;<\/p>\n<h2>Conf\u00e9rencier principal : Buddy Huffaker<\/h2>\n<p>Ne manquez pas l&rsquo;orateur principal, Buddy Huffaker, directeur g\u00e9n\u00e9ral de la Fondation Aldo Leopold. Pendant plus de 20 ans, M. Huffaker a jou\u00e9 un r\u00f4le de premier plan dans les efforts de la Fondation visant \u00e0 promouvoir une \u00e9thique de bonne intendance de la terre. Parmi ses efforts figurent la gestion du lieu historique national de la cabane et de la ferme Leopold et la promotion d&rsquo;une approche \u00e9thique ax\u00e9e sur la conservation. D\u00e9couvrez comment la Fondation Aldo Leopold r\u00e9ussit \u00e0 atteindre un \u00e9quilibre entre les valeurs \u00e9cologiques, \u00e9conomiques et culturelles dans la gestion de ses propres terrains et dans l&rsquo;engagement des propri\u00e9taires fonciers voisins, et comment elle b\u00e9n\u00e9ficie d&rsquo;une plus grande collaboration, d\u2019approches novatrices et de connexions communautaires. Cette s\u00e9ance laissera les participants plus inspir\u00e9s pour aborder cette convergence pour un changement positif &#8211; un changement dans le monde r\u00e9el qui profite \u00e0 toutes les parties prenantes.<\/p>\n<h2>S\u00e9ances d\u2019int\u00e9r\u00eat particulier<\/h2>\n<ul>\n<li class=\"bullet\"><strong>Collaborer pour atteindre les objectifs ESG : <\/strong>Les cadres environnementaux, sociaux et de gouvernance (ESG) sont de plus en plus importants pour les investisseurs, les d\u00e9cideurs politiques, les r\u00e9gulateurs, les consommateurs, les employ\u00e9s et la soci\u00e9t\u00e9 civile. D\u00e9couvrez l&rsquo;importance de l&rsquo;ESG pour les investisseurs, l&rsquo;\u00e9volution du secteur forestier vers l&rsquo;atteinte des objectifs ESG, et comment les programmes du SFI offrent une valeur suppl\u00e9mentaire dans les rapports ESG et de durabilit\u00e9.<\/li>\n<li class=\"bullet\"><strong>R\u00e9silience face aux incendies et au climat &#8211; For\u00eats saines et engagement communautaire :<\/strong> Les for\u00eats g\u00e9r\u00e9es durablement font partie de nos outils les plus importants pour faire face au changement climatique et aux risques d&rsquo;incendies de for\u00eat. D\u00e9couvrez comment les organisations certifi\u00e9es SFI r\u00e9pondent aux nouvelles exigences de la <a href=\"https:\/\/forests.org\/sfi-2022-standards\/\">norme d&rsquo;am\u00e9nagement forestier SFI 2022<\/a> (disponible en anglais uniquement) sur la foresterie climato-intelligente, la r\u00e9silience aux incendies et la sensibilisation.<\/li>\n<li class=\"bullet\"><a href=\"https:\/\/forests.org\/fr\/projet-detude-des-retombees-de-sfi-pour-la-conservation\/\"><strong>Projet SFI impacts en conservation<\/strong><\/a> <strong>\u2014 Dix ann\u00e9es de progr\u00e8s : <\/strong>D\u00e9couvrez deux projets marquants qui caract\u00e9risent l\u2019apport important de la SFI en mati\u00e8re de conservation et qui sont d\u00e9crits en d\u00e9tail dans une publication prochaine intitul\u00e9e \u00ab SFI&rsquo;s Conservation Impact : A Decade of Success \u00bb. D\u00e9couvrez en quoi le <em>Projet SFI impacts en conservation<\/em> fait conna\u00eetre les moyens par lesquels la saine gestion des cha\u00eenes d&rsquo;approvisionnement en fibres et en produits forestiers peut conduire \u00e0 des r\u00e9sultats probants en mati\u00e8re de conservation relatifs au changement climatique, \u00e0 la biodiversit\u00e9, \u00e0 l&rsquo;abondance et \u00e0 la qualit\u00e9 de l&rsquo;eau.<\/li>\n<li class=\"bullet\"><strong>Promouvoir une pr\u00e9sence et une participation plus diversifi\u00e9es dans le secteur forestier :<\/strong> Des solutions transformatrices sont n\u00e9cessaires pour cr\u00e9er des communaut\u00e9s plus inclusives et durables. D\u00e9couvrez les actions concr\u00e8tes men\u00e9es par la SFI et ses partenaires pour soutenir la sensibilisation aux carri\u00e8res, le recrutement, le mentorat et d&rsquo;autres possibilit\u00e9s qui aident le secteur de la for\u00eat et de la conservation \u00e0 int\u00e9resser et faire progresser une main-d&rsquo;\u0153uvre r\u00e9siliente et diversifi\u00e9e.<\/li>\n<li class=\"bullet\"><strong>Former des citoyens sensibilis\u00e9s aux enjeux forestiers :<\/strong> En se renseignant sur la for\u00eat, ses enjeux et ses possibilit\u00e9s, les gens acqui\u00e8rent les outils et les connaissances dont ils ont besoin pour contribuer \u00e0 la durabilit\u00e9 \u00e0 long terme de nos for\u00eats tout en continuant \u00e0 en tirer profit. Cette s\u00e9ance examine le r\u00f4le des secteurs priv\u00e9 et public dans le soutien d&rsquo;une soci\u00e9t\u00e9 instruite en mati\u00e8re foresti\u00e8re et les outils disponibles pour atteindre cet objectif.<\/li>\n<\/ul>\n<p><a href=\"https:\/\/web.cvent.com\/event\/113e5984-7d62-42d1-9340-885a6d3bef02\/regPage:617b1dc3-3ddb-4468-8087-049a4e6e51e8?RefId=sfi-plt-conf-registration&amp;rp=da3742e9-2147-4744-b89f-16c9b4ff8192\">INSCRIVEZ-VOUS AUJOURD\u2019HUI!<\/a><\/p>\n<p>Les \u00e9tudiants peuvent s\u2019inscrire gratuitement \u00e0 l\u2019\u00e9dition virtuelle du congr\u00e8s!\u00a0Envoyez un courriel \u00e0 l\u2019adresse\u00a0<a href=\"&#109;a&#x69;l&#x74;o&#x3a;e&#x76;e&#x6e;t&#x73;&#64;&#x66;&#111;&#x72;&#101;&#x73;&#116;&#x73;&#46;&#x6f;&#114;&#x67;\">ev&#101;&#110;&#116;&#115;&#x40;&#x66;&#x6f;&#x72;&#x65;st&#115;&#46;&#111;&#114;&#x67;<\/a>\u00a0en indiquant dans la ligne \u00ab sujet \u00bb : \u00ab Student registration for the SFI\/PLT Annual Conference \u00bb pour recevoir le code (disponible en anglais uniquement).<\/p>\n<\/div><\/div><\/div><div class=\"fusion-layout-column fusion_builder_column fusion-builder-column-1 fusion_builder_column_1_4 1_4 fusion-flex-column\" style=\"--awb-bg-size:cover;--awb-width-large:25%;--awb-margin-top-large:0px;--awb-spacing-right-large:7.68%;--awb-margin-bottom-large:20px;--awb-spacing-left-large:5px;--awb-width-medium:100%;--awb-spacing-right-medium:1.92%;--awb-spacing-left-medium:1.92%;--awb-width-small:100%;--awb-spacing-right-small:1.92%;--awb-spacing-left-small:1.92%;\"><div class=\"fusion-column-wrapper fusion-flex-justify-content-flex-start fusion-content-layout-column\"><div class=\"fusion-widget-area awb-widget-area-element fusion-widget-area-1 fusion-content-widget-area\" style=\"--awb-title-color:#6b6b6b;--awb-padding:0px 0px 0px 0px;\"><div id=\"custom_html-50\" class=\"widget_text widget widget_custom_html\" style=\"border-style: solid;border-color:transparent;border-width:0px;\"><div class=\"textwidget custom-html-widget\"><h4><a href=\"\/fr\/sfiinbrief\">SFI EN BREF<\/a><\/h4>\r\n<a href=\"https:\/\/sustainableforestryinitiativeinc.my.salesforce-sites.com\/formstack\/apex\/VisualAntidote__HostedFastForm?h=CIHEF\" target=\"_blank\"><b>INSCRIVEZ-VOUS<\/b><\/a> \u00e0 notre info-lettre mensuelle.\r\n<div class=\"fusion-separator fusion-full-width-sep\" style=\"align-self: center;margin-left: auto;margin-right: auto;margin-top:20px;margin-bottom:10px;width:100%;\"><div class=\"fusion-separator-border sep-single sep-solid\" style=\"--awb-height:20px;--awb-amount:20px;--awb-sep-color:#d6d6d6;border-color:#d6d6d6;border-top-width:1px;\"><\/div><\/div>\r\n<h4><a href=\"\/fr\/blogue-sfi\/\">SFI BLOGUE<\/a><\/h4>\r\n<a href=\"https:\/\/sustainableforestryinitiativeinc.my.salesforce-sites.com\/formstack\/apex\/VisualAntidote__HostedFastForm?h=BB2NL\" target=\"_blank\"><b>INSCRIVEZ-VOUS<\/b><\/a> pour recevoir nos messages.\r\n<div class=\"fusion-separator fusion-full-width-sep\" style=\"align-self: center;margin-left: auto;margin-right: auto;margin-top:20px;margin-bottom:10px;width:100%;\"><div class=\"fusion-separator-border sep-single sep-solid\" style=\"--awb-height:20px;--awb-amount:20px;--awb-sep-color:#d6d6d6;border-color:#d6d6d6;border-top-width:1px;\"><\/div><\/div>\r\n<h4 style=\"margin-top:0px;\" ><a href=\"\/fr\/communiques\/\">COMMUNIQU\u00c9S<\/a><\/h4>\r\n<a href=\"https:\/\/sustainableforestryinitiativeinc.my.salesforce-sites.com\/formstack\/apex\/VisualAntidote__HostedFastForm?h=NXR7Y\" target=\"_blank\"><b>INSCRIVEZ-VOUS<\/b><\/a> pour recevoir les derni\u00e8res nouvelles de SFI.\r\n<div class=\"fusion-separator fusion-full-width-sep\" style=\"align-self: center;margin-left: auto;margin-right: auto;margin-top:20px;margin-bottom:10px;width:100%;\"><div class=\"fusion-separator-border sep-single sep-solid\" style=\"--awb-height:20px;--awb-amount:20px;--awb-sep-color:#d6d6d6;border-color:#d6d6d6;border-top-width:1px;\"><\/div><\/div><\/div><\/div><div id=\"custom_html-37\" class=\"widget_text widget widget_custom_html\" style=\"border-style: solid;border-color:transparent;border-width:0px;\"><div class=\"textwidget custom-html-widget\"><div class=\"fusion-modal modal fade modal-1 Bref-signup\" tabindex=\"-1\" role=\"dialog\" aria-labelledby=\"modal-heading-1\" aria-hidden=\"true\" style=\"--awb-border-color:#ebebeb;--awb-background:#f6f6f6;\"><div class=\"modal-dialog modal-lg\" role=\"document\"><div class=\"modal-content fusion-modal-content\"><div class=\"modal-header\"><button class=\"close\" type=\"button\" data-dismiss=\"modal\" aria-hidden=\"true\" aria-label=\"Close\">&times;<\/button><h3 class=\"modal-title\" id=\"modal-heading-1\" data-dismiss=\"modal\" aria-hidden=\"true\"><\/h3><\/div><div class=\"modal-body fusion-clearfix\">\r\n<iframe src=\"https:\/\/sustainableforestryinitiativeinc.my.salesforce-sites.com\/formstack\/apex\/VisualAntidote__HostedFastForm?h=CIHEF\" height=\"900\" width=\"100%\"><\/iframe>\r\n<\/div><div class=\"modal-footer\"><button class=\"fusion-button button-default button-medium button default medium\" type=\"button\" data-dismiss=\"modal\">Close<\/button><\/div><\/div><\/div><\/div><\/div><\/div><div id=\"custom_html-48\" class=\"widget_text widget widget_custom_html\" style=\"border-style: solid;border-color:transparent;border-width:0px;\"><div class=\"textwidget custom-html-widget\"><div class=\"fusion-modal modal fade modal-2 Blog-signup\" tabindex=\"-1\" role=\"dialog\" aria-labelledby=\"modal-heading-2\" aria-hidden=\"true\" style=\"--awb-border-color:#ebebeb;--awb-background:#f6f6f6;\"><div class=\"modal-dialog modal-lg\" role=\"document\"><div class=\"modal-content fusion-modal-content\"><div class=\"modal-header\"><button class=\"close\" type=\"button\" data-dismiss=\"modal\" aria-hidden=\"true\" aria-label=\"Close\">&times;<\/button><h3 class=\"modal-title\" id=\"modal-heading-2\" data-dismiss=\"modal\" aria-hidden=\"true\"><\/h3><\/div><div class=\"modal-body fusion-clearfix\">\r\n<iframe src=\"https:\/\/sustainableforestryinitiativeinc.my.salesforce-sites.com\/formstack\/apex\/VisualAntidote__HostedFastForm?h=BB2NL\" height=\"650\" width=\"100%\"><\/iframe>\r\n<\/div><div class=\"modal-footer\"><button class=\"fusion-button button-default button-medium button default medium\" type=\"button\" data-dismiss=\"modal\">Close<\/button><\/div><\/div><\/div><\/div>\r\n<\/div><\/div><div id=\"custom_html-49\" class=\"widget_text widget widget_custom_html\" style=\"border-style: solid;border-color:transparent;border-width:0px;\"><div class=\"textwidget custom-html-widget\"><div class=\"fusion-modal modal fade modal-3 News-signup\" tabindex=\"-1\" role=\"dialog\" aria-labelledby=\"modal-heading-3\" aria-hidden=\"true\" style=\"--awb-border-color:#ebebeb;--awb-background:#f6f6f6;\"><div class=\"modal-dialog modal-lg\" role=\"document\"><div class=\"modal-content fusion-modal-content\"><div class=\"modal-header\"><button class=\"close\" type=\"button\" data-dismiss=\"modal\" aria-hidden=\"true\" aria-label=\"Close\">&times;<\/button><h3 class=\"modal-title\" id=\"modal-heading-3\" data-dismiss=\"modal\" aria-hidden=\"true\"><\/h3><\/div><div class=\"modal-body fusion-clearfix\">\r\n<iframe src=\"https:\/\/sustainableforestryinitiativeinc.my.salesforce-sites.com\/formstack\/apex\/VisualAntidote__HostedFastForm?h=NXR7Y\" height=\"650\" width=\"100%\"><\/iframe>\r\n<\/div><div class=\"modal-footer\"><button class=\"fusion-button button-default button-medium button default medium\" type=\"button\" data-dismiss=\"modal\">Close<\/button><\/div><\/div><\/div><\/div><\/div><\/div><div class=\"fusion-additional-widget-content\"><\/div><\/div><\/div><\/div>\n<\/div><\/div>\n","protected":false},"excerpt":{"rendered":"<p>La Sustainable Forestry Initiative (SFI) et Project Learning Tree (PLT) animeront leur premier congr\u00e8s annuel conjoint du 14 au 16 juin \u00e0 Madison, dans le Wisconsin.<\/p>\n","protected":false},"author":1,"featured_media":0,"comment_status":"closed","ping_status":"closed","sticky":false,"template":"","format":"standard","meta":{"_exactmetrics_skip_tracking":false,"_exactmetrics_sitenote_active":false,"_exactmetrics_sitenote_note":"","_exactmetrics_sitenote_category":0,"footnotes":""},"categories":[531],"tags":[],"wf_post_folders":[530],"class_list":["post-785029","post","type-post","status-publish","format-standard","hentry","category-blogue-sfi"],"yoast_head":"<!-- This site is optimized with the Yoast SEO plugin v27.3 - https:\/\/yoast.com\/product\/yoast-seo-wordpress\/ -->\n<title>Participez au congr\u00e8s annuel SFI\/PLT 2022 - Collaborer pour les communaut\u00e9s et les for\u00eats - forests.org<\/title>\n<meta name=\"description\" content=\"La Sustainable Forestry Initiative (SFI) et Project Learning Tree (PLT) animeront leur premier congr\u00e8s annuel conjoint du 14 au 16 juin \u00e0 Madison, dans le Wisconsin.\" \/>\n<meta name=\"robots\" content=\"index, follow, max-snippet:-1, max-image-preview:large, max-video-preview:-1\" \/>\n<link rel=\"canonical\" href=\"https:\/\/forests.org\/fr\/participez-au-congres-annuel-sfi-plt-2022-collaborer-pour-les-communautes-et-les-forets\/\" \/>\n<meta property=\"og:locale\" content=\"fr_FR\" \/>\n<meta property=\"og:type\" content=\"article\" \/>\n<meta property=\"og:title\" content=\"Participez au congr\u00e8s annuel SFI\/PLT 2022 - Collaborer pour les communaut\u00e9s et les for\u00eats - forests.org\" \/>\n<meta property=\"og:description\" content=\"La Sustainable Forestry Initiative (SFI) et Project Learning Tree (PLT) animeront leur premier congr\u00e8s annuel conjoint du 14 au 16 juin \u00e0 Madison, dans le Wisconsin.\" \/>\n<meta property=\"og:url\" content=\"https:\/\/forests.org\/fr\/participez-au-congres-annuel-sfi-plt-2022-collaborer-pour-les-communautes-et-les-forets\/\" \/>\n<meta property=\"og:site_name\" content=\"forests.org\" \/>\n<meta property=\"article:publisher\" content=\"https:\/\/www.facebook.com\/SustainableForestryInitiative\" \/>\n<meta property=\"article:published_time\" content=\"2022-05-31T20:01:03+00:00\" \/>\n<meta property=\"article:modified_time\" content=\"2023-06-20T17:21:17+00:00\" \/>\n<meta property=\"og:image\" content=\"https:\/\/forests.org\/wp-content\/uploads\/SFI-social-logo.jpg\" \/>\n\t<meta property=\"og:image:width\" content=\"400\" \/>\n\t<meta property=\"og:image:height\" content=\"218\" \/>\n\t<meta property=\"og:image:type\" content=\"image\/jpeg\" \/>\n<meta name=\"author\" content=\"SFI Admin\" \/>\n<meta name=\"twitter:card\" content=\"summary_large_image\" \/>\n<meta name=\"twitter:creator\" content=\"@sfiprogram\" \/>\n<meta name=\"twitter:site\" content=\"@sfiprogram\" \/>\n<meta name=\"twitter:label1\" content=\"\u00c9crit par\" \/>\n\t<meta name=\"twitter:data1\" content=\"SFI Admin\" \/>\n\t<meta name=\"twitter:label2\" content=\"Dur\u00e9e de lecture estim\u00e9e\" \/>\n\t<meta name=\"twitter:data2\" content=\"5 minutes\" \/>\n<script type=\"application\/ld+json\" class=\"yoast-schema-graph\">{\"@context\":\"https:\\\/\\\/schema.org\",\"@graph\":[{\"@type\":\"Article\",\"@id\":\"https:\\\/\\\/forests.org\\\/fr\\\/participez-au-congres-annuel-sfi-plt-2022-collaborer-pour-les-communautes-et-les-forets\\\/#article\",\"isPartOf\":{\"@id\":\"https:\\\/\\\/forests.org\\\/fr\\\/participez-au-congres-annuel-sfi-plt-2022-collaborer-pour-les-communautes-et-les-forets\\\/\"},\"author\":{\"name\":\"SFI Admin\",\"@id\":\"https:\\\/\\\/forests.org\\\/fr\\\/#\\\/schema\\\/person\\\/bad0dce0264624d24e32c8559bb4bc3d\"},\"headline\":\"Participez au congr\u00e8s annuel SFI\\\/PLT 2022 &#8211; Collaborer pour les communaut\u00e9s et les for\u00eats\",\"datePublished\":\"2022-05-31T20:01:03+00:00\",\"dateModified\":\"2023-06-20T17:21:17+00:00\",\"mainEntityOfPage\":{\"@id\":\"https:\\\/\\\/forests.org\\\/fr\\\/participez-au-congres-annuel-sfi-plt-2022-collaborer-pour-les-communautes-et-les-forets\\\/\"},\"wordCount\":2103,\"publisher\":{\"@id\":\"https:\\\/\\\/forests.org\\\/fr\\\/#organization\"},\"articleSection\":[\"Blogue SFI\"],\"inLanguage\":\"fr-FR\"},{\"@type\":\"WebPage\",\"@id\":\"https:\\\/\\\/forests.org\\\/fr\\\/participez-au-congres-annuel-sfi-plt-2022-collaborer-pour-les-communautes-et-les-forets\\\/\",\"url\":\"https:\\\/\\\/forests.org\\\/fr\\\/participez-au-congres-annuel-sfi-plt-2022-collaborer-pour-les-communautes-et-les-forets\\\/\",\"name\":\"Participez au congr\u00e8s annuel SFI\\\/PLT 2022 - Collaborer pour les communaut\u00e9s et les for\u00eats - forests.org\",\"isPartOf\":{\"@id\":\"https:\\\/\\\/forests.org\\\/fr\\\/#website\"},\"datePublished\":\"2022-05-31T20:01:03+00:00\",\"dateModified\":\"2023-06-20T17:21:17+00:00\",\"description\":\"La Sustainable Forestry Initiative (SFI) et Project Learning Tree (PLT) animeront leur premier congr\u00e8s annuel conjoint du 14 au 16 juin \u00e0 Madison, dans le Wisconsin.\",\"breadcrumb\":{\"@id\":\"https:\\\/\\\/forests.org\\\/fr\\\/participez-au-congres-annuel-sfi-plt-2022-collaborer-pour-les-communautes-et-les-forets\\\/#breadcrumb\"},\"inLanguage\":\"fr-FR\",\"potentialAction\":[{\"@type\":\"ReadAction\",\"target\":[\"https:\\\/\\\/forests.org\\\/fr\\\/participez-au-congres-annuel-sfi-plt-2022-collaborer-pour-les-communautes-et-les-forets\\\/\"]}]},{\"@type\":\"BreadcrumbList\",\"@id\":\"https:\\\/\\\/forests.org\\\/fr\\\/participez-au-congres-annuel-sfi-plt-2022-collaborer-pour-les-communautes-et-les-forets\\\/#breadcrumb\",\"itemListElement\":[{\"@type\":\"ListItem\",\"position\":1,\"name\":\"Home\",\"item\":\"https:\\\/\\\/forests.org\\\/fr\\\/\"},{\"@type\":\"ListItem\",\"position\":2,\"name\":\"Participez au congr\u00e8s annuel SFI\\\/PLT 2022 &#8211; Collaborer pour les communaut\u00e9s et les for\u00eats\"}]},{\"@type\":\"WebSite\",\"@id\":\"https:\\\/\\\/forests.org\\\/fr\\\/#website\",\"url\":\"https:\\\/\\\/forests.org\\\/fr\\\/\",\"name\":\"forests.org\",\"description\":\"\",\"publisher\":{\"@id\":\"https:\\\/\\\/forests.org\\\/fr\\\/#organization\"},\"potentialAction\":[{\"@type\":\"SearchAction\",\"target\":{\"@type\":\"EntryPoint\",\"urlTemplate\":\"https:\\\/\\\/forests.org\\\/fr\\\/?s={search_term_string}\"},\"query-input\":{\"@type\":\"PropertyValueSpecification\",\"valueRequired\":true,\"valueName\":\"search_term_string\"}}],\"inLanguage\":\"fr-FR\"},{\"@type\":\"Organization\",\"@id\":\"https:\\\/\\\/forests.org\\\/fr\\\/#organization\",\"name\":\"Sustainable Forestry Initiative\",\"url\":\"https:\\\/\\\/forests.org\\\/fr\\\/\",\"logo\":{\"@type\":\"ImageObject\",\"inLanguage\":\"fr-FR\",\"@id\":\"https:\\\/\\\/forests.org\\\/fr\\\/#\\\/schema\\\/logo\\\/image\\\/\",\"url\":\"https:\\\/\\\/forests.org\\\/wp-content\\\/uploads\\\/Grant-SFI-logo-FI2.jpg\",\"contentUrl\":\"https:\\\/\\\/forests.org\\\/wp-content\\\/uploads\\\/Grant-SFI-logo-FI2.jpg\",\"width\":400,\"height\":400,\"caption\":\"Sustainable Forestry Initiative\"},\"image\":{\"@id\":\"https:\\\/\\\/forests.org\\\/fr\\\/#\\\/schema\\\/logo\\\/image\\\/\"},\"sameAs\":[\"https:\\\/\\\/www.facebook.com\\\/SustainableForestryInitiative\",\"https:\\\/\\\/x.com\\\/sfiprogram\",\"https:\\\/\\\/www.linkedin.com\\\/company\\\/sustainable-forestry-initiative-inc-\",\"https:\\\/\\\/www.youtube.com\\\/user\\\/SFIProgram\"]},{\"@type\":\"Person\",\"@id\":\"https:\\\/\\\/forests.org\\\/fr\\\/#\\\/schema\\\/person\\\/bad0dce0264624d24e32c8559bb4bc3d\",\"name\":\"SFI Admin\",\"image\":{\"@type\":\"ImageObject\",\"inLanguage\":\"fr-FR\",\"@id\":\"https:\\\/\\\/secure.gravatar.com\\\/avatar\\\/a00ed11510f993847d7eec1cefc2e983b4802c3a4250c097ca0f96690e72eaad?s=96&d=mm&r=g\",\"url\":\"https:\\\/\\\/secure.gravatar.com\\\/avatar\\\/a00ed11510f993847d7eec1cefc2e983b4802c3a4250c097ca0f96690e72eaad?s=96&d=mm&r=g\",\"contentUrl\":\"https:\\\/\\\/secure.gravatar.com\\\/avatar\\\/a00ed11510f993847d7eec1cefc2e983b4802c3a4250c097ca0f96690e72eaad?s=96&d=mm&r=g\",\"caption\":\"SFI Admin\"}}]}<\/script>\n<!-- \/ Yoast SEO plugin. -->","yoast_head_json":{"title":"Participez au congr\u00e8s annuel SFI\/PLT 2022 - Collaborer pour les communaut\u00e9s et les for\u00eats - forests.org","description":"La Sustainable Forestry Initiative (SFI) et Project Learning Tree (PLT) animeront leur premier congr\u00e8s annuel conjoint du 14 au 16 juin \u00e0 Madison, dans le Wisconsin.","robots":{"index":"index","follow":"follow","max-snippet":"max-snippet:-1","max-image-preview":"max-image-preview:large","max-video-preview":"max-video-preview:-1"},"canonical":"https:\/\/forests.org\/fr\/participez-au-congres-annuel-sfi-plt-2022-collaborer-pour-les-communautes-et-les-forets\/","og_locale":"fr_FR","og_type":"article","og_title":"Participez au congr\u00e8s annuel SFI\/PLT 2022 - Collaborer pour les communaut\u00e9s et les for\u00eats - forests.org","og_description":"La Sustainable Forestry Initiative (SFI) et Project Learning Tree (PLT) animeront leur premier congr\u00e8s annuel conjoint du 14 au 16 juin \u00e0 Madison, dans le Wisconsin.","og_url":"https:\/\/forests.org\/fr\/participez-au-congres-annuel-sfi-plt-2022-collaborer-pour-les-communautes-et-les-forets\/","og_site_name":"forests.org","article_publisher":"https:\/\/www.facebook.com\/SustainableForestryInitiative","article_published_time":"2022-05-31T20:01:03+00:00","article_modified_time":"2023-06-20T17:21:17+00:00","og_image":[{"width":400,"height":218,"url":"https:\/\/forests.org\/wp-content\/uploads\/SFI-social-logo.jpg","type":"image\/jpeg"}],"author":"SFI Admin","twitter_card":"summary_large_image","twitter_creator":"@sfiprogram","twitter_site":"@sfiprogram","twitter_misc":{"\u00c9crit par":"SFI Admin","Dur\u00e9e de lecture estim\u00e9e":"5 minutes"},"schema":{"@context":"https:\/\/schema.org","@graph":[{"@type":"Article","@id":"https:\/\/forests.org\/fr\/participez-au-congres-annuel-sfi-plt-2022-collaborer-pour-les-communautes-et-les-forets\/#article","isPartOf":{"@id":"https:\/\/forests.org\/fr\/participez-au-congres-annuel-sfi-plt-2022-collaborer-pour-les-communautes-et-les-forets\/"},"author":{"name":"SFI Admin","@id":"https:\/\/forests.org\/fr\/#\/schema\/person\/bad0dce0264624d24e32c8559bb4bc3d"},"headline":"Participez au congr\u00e8s annuel SFI\/PLT 2022 &#8211; Collaborer pour les communaut\u00e9s et les for\u00eats","datePublished":"2022-05-31T20:01:03+00:00","dateModified":"2023-06-20T17:21:17+00:00","mainEntityOfPage":{"@id":"https:\/\/forests.org\/fr\/participez-au-congres-annuel-sfi-plt-2022-collaborer-pour-les-communautes-et-les-forets\/"},"wordCount":2103,"publisher":{"@id":"https:\/\/forests.org\/fr\/#organization"},"articleSection":["Blogue SFI"],"inLanguage":"fr-FR"},{"@type":"WebPage","@id":"https:\/\/forests.org\/fr\/participez-au-congres-annuel-sfi-plt-2022-collaborer-pour-les-communautes-et-les-forets\/","url":"https:\/\/forests.org\/fr\/participez-au-congres-annuel-sfi-plt-2022-collaborer-pour-les-communautes-et-les-forets\/","name":"Participez au congr\u00e8s annuel SFI\/PLT 2022 - Collaborer pour les communaut\u00e9s et les for\u00eats - forests.org","isPartOf":{"@id":"https:\/\/forests.org\/fr\/#website"},"datePublished":"2022-05-31T20:01:03+00:00","dateModified":"2023-06-20T17:21:17+00:00","description":"La Sustainable Forestry Initiative (SFI) et Project Learning Tree (PLT) animeront leur premier congr\u00e8s annuel conjoint du 14 au 16 juin \u00e0 Madison, dans le Wisconsin.","breadcrumb":{"@id":"https:\/\/forests.org\/fr\/participez-au-congres-annuel-sfi-plt-2022-collaborer-pour-les-communautes-et-les-forets\/#breadcrumb"},"inLanguage":"fr-FR","potentialAction":[{"@type":"ReadAction","target":["https:\/\/forests.org\/fr\/participez-au-congres-annuel-sfi-plt-2022-collaborer-pour-les-communautes-et-les-forets\/"]}]},{"@type":"BreadcrumbList","@id":"https:\/\/forests.org\/fr\/participez-au-congres-annuel-sfi-plt-2022-collaborer-pour-les-communautes-et-les-forets\/#breadcrumb","itemListElement":[{"@type":"ListItem","position":1,"name":"Home","item":"https:\/\/forests.org\/fr\/"},{"@type":"ListItem","position":2,"name":"Participez au congr\u00e8s annuel SFI\/PLT 2022 &#8211; Collaborer pour les communaut\u00e9s et les for\u00eats"}]},{"@type":"WebSite","@id":"https:\/\/forests.org\/fr\/#website","url":"https:\/\/forests.org\/fr\/","name":"forests.org","description":"","publisher":{"@id":"https:\/\/forests.org\/fr\/#organization"},"potentialAction":[{"@type":"SearchAction","target":{"@type":"EntryPoint","urlTemplate":"https:\/\/forests.org\/fr\/?s={search_term_string}"},"query-input":{"@type":"PropertyValueSpecification","valueRequired":true,"valueName":"search_term_string"}}],"inLanguage":"fr-FR"},{"@type":"Organization","@id":"https:\/\/forests.org\/fr\/#organization","name":"Sustainable Forestry Initiative","url":"https:\/\/forests.org\/fr\/","logo":{"@type":"ImageObject","inLanguage":"fr-FR","@id":"https:\/\/forests.org\/fr\/#\/schema\/logo\/image\/","url":"https:\/\/forests.org\/wp-content\/uploads\/Grant-SFI-logo-FI2.jpg","contentUrl":"https:\/\/forests.org\/wp-content\/uploads\/Grant-SFI-logo-FI2.jpg","width":400,"height":400,"caption":"Sustainable Forestry Initiative"},"image":{"@id":"https:\/\/forests.org\/fr\/#\/schema\/logo\/image\/"},"sameAs":["https:\/\/www.facebook.com\/SustainableForestryInitiative","https:\/\/x.com\/sfiprogram","https:\/\/www.linkedin.com\/company\/sustainable-forestry-initiative-inc-","https:\/\/www.youtube.com\/user\/SFIProgram"]},{"@type":"Person","@id":"https:\/\/forests.org\/fr\/#\/schema\/person\/bad0dce0264624d24e32c8559bb4bc3d","name":"SFI Admin","image":{"@type":"ImageObject","inLanguage":"fr-FR","@id":"https:\/\/secure.gravatar.com\/avatar\/a00ed11510f993847d7eec1cefc2e983b4802c3a4250c097ca0f96690e72eaad?s=96&d=mm&r=g","url":"https:\/\/secure.gravatar.com\/avatar\/a00ed11510f993847d7eec1cefc2e983b4802c3a4250c097ca0f96690e72eaad?s=96&d=mm&r=g","contentUrl":"https:\/\/secure.gravatar.com\/avatar\/a00ed11510f993847d7eec1cefc2e983b4802c3a4250c097ca0f96690e72eaad?s=96&d=mm&r=g","caption":"SFI Admin"}}]}},"_links":{"self":[{"href":"https:\/\/forests.org\/fr\/wp-json\/wp\/v2\/posts\/785029","targetHints":{"allow":["GET"]}}],"collection":[{"href":"https:\/\/forests.org\/fr\/wp-json\/wp\/v2\/posts"}],"about":[{"href":"https:\/\/forests.org\/fr\/wp-json\/wp\/v2\/types\/post"}],"author":[{"embeddable":true,"href":"https:\/\/forests.org\/fr\/wp-json\/wp\/v2\/users\/1"}],"replies":[{"embeddable":true,"href":"https:\/\/forests.org\/fr\/wp-json\/wp\/v2\/comments?post=785029"}],"version-history":[{"count":0,"href":"https:\/\/forests.org\/fr\/wp-json\/wp\/v2\/posts\/785029\/revisions"}],"wp:attachment":[{"href":"https:\/\/forests.org\/fr\/wp-json\/wp\/v2\/media?parent=785029"}],"wp:term":[{"taxonomy":"category","embeddable":true,"href":"https:\/\/forests.org\/fr\/wp-json\/wp\/v2\/categories?post=785029"},{"taxonomy":"post_tag","embeddable":true,"href":"https:\/\/forests.org\/fr\/wp-json\/wp\/v2\/tags?post=785029"},{"taxonomy":"wf_post_folders","embeddable":true,"href":"https:\/\/forests.org\/fr\/wp-json\/wp\/v2\/wf_post_folders?post=785029"}],"curies":[{"name":"wp","href":"https:\/\/api.w.org\/{rel}","templated":true}]}}