{"id":793591,"date":"2023-12-01T13:05:01","date_gmt":"2023-12-01T18:05:01","guid":{"rendered":"https:\/\/forests.org\/?p=793591"},"modified":"2023-12-06T13:45:09","modified_gmt":"2023-12-06T18:45:09","slug":"an-urban-forest-inflection-point","status":"publish","type":"post","link":"https:\/\/forests.org\/fr\/an-urban-forest-inflection-point\/","title":{"rendered":"An Urban Forest Inflection Point"},"content":{"rendered":"<div class=\"fusion-fullwidth fullwidth-box fusion-builder-row-1 fusion-flex-container has-pattern-background has-mask-background hundred-percent-fullwidth non-hundred-percent-height-scrolling\" style=\"--awb-border-radius-top-left:0px;--awb-border-radius-top-right:0px;--awb-border-radius-bottom-right:0px;--awb-border-radius-bottom-left:0px;--awb-flex-wrap:wrap;\" ><div class=\"fusion-builder-row fusion-row fusion-flex-align-items-flex-start fusion-flex-content-wrap\" style=\"width:104% !important;max-width:104% !important;margin-left: calc(-4% \/ 2 );margin-right: calc(-4% \/ 2 );\"><div class=\"fusion-layout-column fusion_builder_column fusion-builder-column-0 fusion_builder_column_3_4 3_4 fusion-flex-column\" style=\"--awb-bg-size:cover;--awb-width-large:75%;--awb-margin-top-large:0px;--awb-spacing-right-large:2.56%;--awb-margin-bottom-large:20px;--awb-spacing-left-large:2.56%;--awb-width-medium:100%;--awb-order-medium:0;--awb-spacing-right-medium:1.92%;--awb-spacing-left-medium:1.92%;--awb-width-small:100%;--awb-order-small:0;--awb-spacing-right-small:1.92%;--awb-spacing-left-small:1.92%;\"><div class=\"fusion-column-wrapper fusion-column-has-shadow fusion-flex-justify-content-flex-start fusion-content-layout-column\"><div class=\"fusion-text fusion-text-1\"><p><strong>SFI&rsquo;s New Urban and Community Forest Sustainable Standard<\/strong><\/p>\n<p><strong>Paul Johnson remembers the first tree he planted. Of course he does: he\u2019s an urban forester with a passion for trees.<\/strong><\/p>\n<p>\u201cIt was outside the family home where I grew up,\u201d he said. \u201cFamily legend has it that my father and I found a sprouted red oak acorn on a camping trip in southeastern Oklahoma when I was 18 months old. We took it home and planted it, and it grew there for more than 40 years.\u201d<\/p>\n<p>Until, some time after the Johnsons sold the home, the house caught fire, was later demolished, and the tree died. Johnson has a tattoo made from a photograph of a leaf from that tree.<\/p>\n<p>Johnson also remembers the first tree he tried to cut down. On another camping trip, Johnson\u2019s father made a stone hatchet for his son, then four or five years old. At home after the camping trip, the young Johnson did what you might expect a kid to do.<\/p>\n<p>\u201cI tried to cut down the family peach tree with that stone hatchet. That didn\u2019t go over well with the family, of course,\u201d Johnson said.<\/p>\n<p>The tree remained standing but was so damaged that it died.<\/p>\n<p>Johnson, an SAF member, has always enjoyed being in the woods. He grew up in Tulsa, Oklahoma, Tulsa has been a Tree City USA for 30 years, and has fond memories of time spent hunting and fishing on and around his family\u2019s property in southeastern Oklahoma. But forestry was not what he expected to be doing for the rest of his life. In high school, he thought he wanted to be a physicist. After high school, Johnson enrolled in the University of Oklahoma not as a physics major, but in a mathematics program, in part because, as a National Merit Scholar, a better scholarship was available.<\/p>\n<p>\u201cHonors Calculus III, at 8 o\u2019clock in the morning Monday, Wednesday, and Friday, really kicked my butt. So I started looking around at some of the other options,\u201d he said.<\/p>\n<p>Johnson, whose mother was an actor and director, had himself been an actor since he was four years old and he performed in community theater productions through high school. So it wasn\u2019t a big leap for Johnson to move from math to the university\u2019s theater program. He also was confident that enrolling in the theater program would help him bring his grade point average (GPA) up, which he needed to do in order to maintain his scholarship.<\/p>\n<p>\u201cI had a grade point average of 1.77 after my first semester at the university, and I had to have a 3.25 GPA by the end of the school year,\u201d he said.<\/p>\n<p>After a successful spring semester and summer term with 26 hours of classes with a 4.0 GPA, Johnson ended up with a grade point average of 3.26.<\/p>\n<p>But he knew that theater wasn\u2019t what he wanted to do.<\/p>\n<p>During the fall semester of his sophomore year, Johnson saw a movie that changed his life: A River Runs Through It. The 1992 film, a coming- of-age story based on the 1976 semi-autobiographical novella by Norman Maclean, is set in and around Missoula, Montana.<\/p>\n<p>\u201cThere is a short montage in the movie where they mentioned the US Forest Service and working in forestry for the summer. That spurred me to have a conversation with my mom. She was getting a master\u2019s degree at Oklahoma State University, which had a forestry program, and she said, \u2018Well, let\u2019s go talk to them.\u2019\u201d<\/p>\n<p>They did so, and Johnson switched schools, just in time for Oklahoma State\u2019s next summer forestry camp, which happened to be held at the University of Montana\u2019s Lubrecht Experimental Forest, just outside Missoula, Montana.<\/p>\n<p>Johnson earned a bachelor\u2019s degree in forestry and in the process met Rebecca, who was also enrolled in the Oklahoma State forestry program.<\/p>\n<p>The couple were married a few hours after their graduation ceremony and have been together ever since.<\/p>\n<p>\u201cI was her summer fling and she hasn\u2019t figured out how to get rid of me yet,\u201d he said, laughing.<\/p>\n<p>Soon after graduation and their wedding, the Johnsons headed to Colorado, where they both had seasonal forestry jobs: Rebecca with the USDA Forest Service and Paul with the Colorado Forest Service. While she marked timber, Paul helped the state agency with Arbor Day celebrations, outdoor activities for youth, and assisting property owners with management plans.<\/p>\n<p>Paul found that he enjoyed engaging with the public. Public speaking, he said, is one of his superpowers, and the theater background certainly helps.<\/p>\n<p>\u201cTeaching is one of the things I love to do,\u201d Johnson said. \u201cI have the ability to get up in front of a room full of people, engage with them, and help them understand whatever the topic is.\u201d<\/p>\n<p>After six months in Colorado, the couple returned to Oklahoma, where Paul began working for a landscaping company in McAllister, a city in the southeastern quadrant of the state.<\/p>\n<p>Thus began Johnson\u2019s career in urban and community forestry. After working in a variety of roles in urban forestry and landscaping services, in 2004, he took a position as a regional urban forester with the Texas Forest Service, based in San Antonio, and served as the agency\u2019s urban and community forestry program leader, based in Austin, from 2012 to 2021. Johnson served as the International Society of Arboriculture\u2019s president in 2019 and 2020. He joined the Sustainable Forestry Initiative (SFI) as senior director of urban and community forestry in 2021.<\/p>\n<p>When Johnson first heard about the position with SFI, he applied almost on a whim. He had a good job and was happy with his work, but figured that it wouldn\u2019t hurt to update his resume and go through the interview process. After the interview and talking to his colleagues about SFI, Johnson decided that the opportunity to participate in developing SFI\u2019s Urban and Community Forest Sustainability Standard (UCFSS) was too good to pass up, even though it doubled his time to retirement.<\/p>\n<h4><strong>Raising a Standard <\/strong><\/h4>\n<p>After a two-year process involving ISA, American Forests, Tree Canada, the Arbor Day Foundation, the Society of Municipal Arborists, and numerous other organizations and individuals, the UCFSS was approved by SFI\u2019s Board of Directors in May.<\/p>\n<p>\u201cThe standard and the certifications that will come with it have the ability to really effect change, to have a true impact in urban and community forestry,\u201d Johnson said. \u201cFor the past two decades or more, I have been trying to figure out how to reach out to people better, to do a better job of balancing out the needs of people and trees. I think the standard is a great way to do just that. It\u2019s going to make a real difference.\u201d<\/p>\n<p>SAF contributed to the new standard throughout its development. CEO Terry Baker and COO Whitney FormanCook offered their insights and advice, as did Policy and Public Affairs Director Danielle Watson, a member of SFI\u2019s Urban and Community Forest Sustainability Standard Development Task Group. Forman-Cook is a member of SFI\u2019s Resource Committee, which assists SFI in reviewing and revising its standards. Numerous other SAF members helped inform and craft the standard.<\/p>\n<p>\u201cA heartfelt thank you to the SAF members and all of the other thought leaders involved in bringing this idea to fruition\u2014especially Paul Johnson and our friends and partners at SFI. This is an exciting time for forests across all landscapes, and we\u2019re proud to be a part of this evolution,\u201d said Baker.<\/p>\n<\/div><div class=\"fusion-builder-row fusion-builder-row-inner fusion-row fusion-flex-align-items-flex-start fusion-flex-content-wrap\" style=\"--awb-flex-grow:0;--awb-flex-grow-medium:0;--awb-flex-grow-small:0;--awb-flex-shrink:0;--awb-flex-shrink-medium:0;--awb-flex-shrink-small:0;width:104% !important;max-width:104% !important;margin-left: calc(-4% \/ 2 );margin-right: calc(-4% \/ 2 );\"><div class=\"fusion-layout-column fusion_builder_column_inner fusion-builder-nested-column-0 fusion_builder_column_inner_1_2 1_2 fusion-flex-column\" style=\"--awb-bg-size:cover;--awb-width-large:50%;--awb-margin-top-large:0px;--awb-spacing-right-large:3.84%;--awb-margin-bottom-large:20px;--awb-spacing-left-large:3.84%;--awb-width-medium:100%;--awb-order-medium:0;--awb-spacing-right-medium:1.92%;--awb-spacing-left-medium:1.92%;--awb-width-small:100%;--awb-order-small:0;--awb-spacing-right-small:1.92%;--awb-spacing-left-small:1.92%;\"><div class=\"fusion-column-wrapper fusion-column-has-shadow fusion-flex-justify-content-flex-start fusion-content-layout-column\"><div class=\"fusion-text fusion-text-2\"><h4><strong>The UCFSS\u2019s guiding principles capture the motivation behind developing the standard:<\/strong><\/h4>\n<ul>\n<li>Urban and community forests and trees are vital for community well-being, health, resiliency, and sustainability.<\/li>\n<li>Urban and community forests and trees and their associated benefits should be accessible and available to everyone.<\/li>\n<li>Urban and community forests and trees depend upon understanding, awareness, appreciation, stewardship, and engagement by communities and people in order to thrive.<\/li>\n<li>Urban and community forests and trees require proper planning, care, and management to optimize benefits and minimize risks.<\/li>\n<li>Urban and community forests and trees are nature-based solutions to pressing issues and essential green infrastructure.<\/li>\n<\/ul>\n<\/div><\/div><\/div><div class=\"fusion-layout-column fusion_builder_column_inner fusion-builder-nested-column-1 fusion_builder_column_inner_1_2 1_2 fusion-flex-column\" style=\"--awb-bg-size:cover;--awb-width-large:50%;--awb-margin-top-large:0px;--awb-spacing-right-large:3.84%;--awb-margin-bottom-large:20px;--awb-spacing-left-large:3.84%;--awb-width-medium:100%;--awb-order-medium:0;--awb-spacing-right-medium:1.92%;--awb-spacing-left-medium:1.92%;--awb-width-small:100%;--awb-order-small:0;--awb-spacing-right-small:1.92%;--awb-spacing-left-small:1.92%;\"><div class=\"fusion-column-wrapper fusion-column-has-shadow fusion-flex-justify-content-flex-start fusion-content-layout-column\"><div class=\"fusion-image-element \" style=\"--awb-caption-title-font-family:var(--h2_typography-font-family);--awb-caption-title-font-weight:var(--h2_typography-font-weight);--awb-caption-title-font-style:var(--h2_typography-font-style);--awb-caption-title-size:var(--h2_typography-font-size);--awb-caption-title-transform:var(--h2_typography-text-transform);--awb-caption-title-line-height:var(--h2_typography-line-height);--awb-caption-title-letter-spacing:var(--h2_typography-letter-spacing);\"><span class=\" fusion-imageframe imageframe-none imageframe-1 hover-type-none\"><img decoding=\"async\" width=\"902\" height=\"650\" title=\"SAF_Forestry_Source_Blog_image_1\" src=\"data:image\/svg+xml,%3Csvg%20xmlns%3D%27http%3A%2F%2Fwww.w3.org%2F2000%2Fsvg%27%20width%3D%27902%27%20height%3D%27650%27%20viewBox%3D%270%200%20902%20650%27%3E%3Crect%20width%3D%27902%27%20height%3D%27650%27%20fill-opacity%3D%220%22%2F%3E%3C%2Fsvg%3E\" data-orig-src=\"https:\/\/forests.org\/wp-content\/uploads\/SAF_Forestry_Source_Blog_image_1.png\" alt class=\"lazyload img-responsive wp-image-793630\"\/><\/span><\/div><\/div><\/div><\/div><div class=\"fusion-text fusion-text-3\"><p>The standard is appropriate for organizations that own, manage, or are responsible for urban and\/or community forests. These organizations can come from all facets of the urban and community forest sector, including, but not limited to: governmental organizations (i.e., municipalities, counties, states, provinces), non-governmental organizations, Indigenous Peoples, community groups, healthcare organizations, educational organizations, and corporate organizations. Third-party certification by a body that has been accredited by the ANSI National Accreditation Board or the Standards Council of Canada is required.<\/p>\n<p>\u201cHow exciting to be part of the creation of something that has the potential to take urban and community forestry to the next level!\u201d SAF\u2019s Watson said. \u201cThe SFI Urban and Community Forest Sustainability Standard will not only promote the establishment, maintenance, and sustainability of urban forest ecosystems but also deepen the connection to urban forests with a diverse and growing range of stakeholders.\u201d<\/p>\n<p>Because many organizations in urban and community forestry don\u2019t have the resources necessary for third-party certification to the full UCFSS, SFI developed a thematic certification option through which a city, community, or organization can achieve third-party certification to one or more subsets of the objectives in the full standard that represent a certain theme:<\/p>\n<ul>\n<li>Community Well-Being and Human Health (a total of 30 indicators)<\/li>\n<li>Climate and Disaster Resilience (37 indicators)<\/li>\n<li>Environmental and Conservation Leadership (38 indicators)<\/li>\n<li>Urban Forest Improvement (44 indicators)<\/li>\n<\/ul>\n<p>Such a standard is more important now than ever, Johnson said.<\/p>\n<p>\u201cThe standard is important because we have a sector that is relatively young,\u201d Johnson said. \u201cNow, communities have been doing urban forestry for as long as there have been communities, though it hasn\u2019t been called urban forestry until fairly recently. The term wasn\u2019t even coined until the 1960s, and there wasn\u2019t a federal program supporting urban forestry until the Farm Bill in 1990. And until now, there hasn\u2019t been a standard for urban forestry. If you ask people how to do urban forestry, you\u2019ll get at least as many answers as people that you ask.\u201d<\/p>\n<p>Johnson noted that the Clark-Matheny Model for assessing urban forestry programs was an important first step. The model was described in a 1997 Journal of Arboriculture paper by James R. Clark, Nelda P. Matheny, Genni Cross, and Victoria Wake, \u201cA Model of Urban Forest Sustainability.\u201d<\/p>\n<p>\u201cAnd then the US Forest Service came up with an urban forest audit program that said, \u2018OK, if you have an urban forestry program, here are the things that you should be able to do.\u2019 It was a great way to audit an individual program, but not the urban forest as a whole,\u201d said Johnson. \u201cPlus, over the last 10 or 15 years there\u2019s been more and more research on ecosystem values and the connection between urban forests and human health, and our knowledge in these areas just keeps growing by leaps and bounds. It\u2019s getting to the point now where it\u2019s no longer just correlation studies, but there\u2019s actual peer-reviewed research showing causation, showing how trees actually have an impact on human health. Combine that with efforts to mitigate and adapt to climate change and the significant federal investments being made in that area, there\u2019s just never been a better time to be in urban and community forestry. I\u2019m almost envious that my colleague Alix Olson is at the beginning of her career, at a time when there are going to be so many opportunities that we\u2019ve never really had before, opportunities to reach out to people we haven\u2019t engaged with before.\u201d<\/p>\n<p>Olson, SFI\u2019s Urban and Community Forestry Coordinator, recently became an ISA Certified Arborist.<\/p>\n<p>Urban forestry programs in cities impact millions of people in the US and Canada, Johnson said.<\/p>\n<p>\u201cThat\u2019s the idea with this standard. It\u2019s going to impact communities in at least two countries\u2014and may have impacts in other countries, whether it\u2019s direct or ancillary impacts,\u201d he said. \u201cIt\u2019s been very satisfying to take the latest and greatest research and knowledge on how we can help trees survive and thrive in our communities, and to work on a standard that will have an immediate impact on that environment.\u201d<\/p>\n<p>Johnson cited research by the Green Heart Louisville project in Kentucky that assesses the positive impacts of urban forests.<\/p>\n<p>\u201cThis research shows that there are immediate improvements in air quality if trees are planted around a school. Usually we talk about the impacts coming many years down the road. By using bigger trees, using rough-leafed evergreens to maximize the impact, the researchers set up air-quality sensors on a Friday, planted the trees on Saturday, and the air quality immediately improved. That\u2019s huge! If you can have that kind of an impact so quickly, and then you add in the value of shade in the summer and all the other values of urban forests, we can have a direct and major impact on people, using trees as the medium that we work with.\u201d<\/p>\n<p>Arborists and urban foresters know very well that these professions involve much more than trees.<\/p>\n<p>\u201cIt\u2019s all about trees and people. Or people and trees, depending on which way you come at it. That\u2019s what\u2019s so unique about urban forestry. It\u2019s still silviculture, whether you want to call it that in an urban setting or not\u2014it\u2019s biology, it\u2019s the science of trees and how they grow. But it\u2019s also the intersection between so many trees and people, and that makes it a unique environment. Urban forestry maximizes the benefits and minimizes the risks of urban trees. And that\u2019s baked into the standard itself.\u201d<\/p>\n<p>The development of the UCFSS is an important step for SFI, but Johnson sees the bigger picture.<\/p>\n<p>\u201cI see 2023 as an inflection point for urban and community forestry. We have had the opportunity to be a part of that inflection point,\u201d he said. \u201cIt comes down to wanting to make a difference. It\u2019s the cause more than the organization. And we have a really important cause.\u201d<\/p>\n<p><em>This article first appeared in the October 2023 issue of <\/em><a href=\"https:\/\/www.eforester.org\/Main\/Library\/Forestry-Source-Archival.aspx\" target=\"_blank\" rel=\"noopener\"><em>The Forestry Source<\/em><\/a><em>, the publication of the Society of American Foresters (SAF). The Forestry Source is published as a benefit of SAF membership. To learn more, visit <\/em><a href=\"https:\/\/www.eforester.org\/Membership.aspx\" target=\"_blank\" rel=\"noopener\"><em>https:\/\/www.eforester.org\/Membership.aspx<\/em><\/a><em>.<\/em><\/p>\n<\/div><\/div><\/div><div class=\"fusion-layout-column fusion_builder_column fusion-builder-column-1 fusion_builder_column_1_4 1_4 fusion-flex-column\" style=\"--awb-bg-size:cover;--awb-width-large:25%;--awb-margin-top-large:0px;--awb-spacing-right-large:7.68%;--awb-margin-bottom-large:20px;--awb-spacing-left-large:7.68%;--awb-width-medium:100%;--awb-order-medium:0;--awb-spacing-right-medium:1.92%;--awb-spacing-left-medium:1.92%;--awb-width-small:100%;--awb-order-small:0;--awb-spacing-right-small:1.92%;--awb-spacing-left-small:1.92%;\"><div class=\"fusion-column-wrapper fusion-column-has-shadow fusion-flex-justify-content-flex-start fusion-content-layout-column\"><div class=\"fusion-widget-area awb-widget-area-element fusion-widget-area-1 fusion-content-widget-area\" style=\"--awb-margin-bottom:60px;--awb-title-color:#6b6b6b;--awb-padding:0px 0px 0px 0px;\"><div id=\"custom_html-45\" class=\"widget_text widget widget_custom_html\" style=\"border-style: solid;border-color:transparent;border-width:0px;\"><div class=\"textwidget custom-html-widget\"><h4><a href=\"\/sfiinbrief\">SFI EN BREF<\/a><\/h4>\r\n<a class=\"fusion-modal-text-link\" data-toggle=\"modal\" data-target=\".fusion-modal.Brief-signup\" href=\"#\"><b>SIGN UP<\/b><\/a> to receive our Monthly Newsletter.\r\n<div class=\"fusion-separator fusion-full-width-sep\" style=\"align-self: center;margin-left: auto;margin-right: auto;margin-top:20px;margin-bottom:10px;width:100%;\"><div class=\"fusion-separator-border sep-single sep-solid\" style=\"--awb-height:20px;--awb-amount:20px;--awb-sep-color:#d6d6d6;border-color:#d6d6d6;border-top-width:1px;\"><\/div><\/div><\/div><\/div><div id=\"custom_html-46\" class=\"widget_text widget widget_custom_html\" style=\"border-style: solid;border-color:transparent;border-width:0px;\"><div class=\"textwidget custom-html-widget\"><div class=\"fusion-modal modal fade modal-1 Brief-signup\" tabindex=\"-1\" role=\"dialog\" aria-labelledby=\"modal-heading-1\" aria-hidden=\"true\" style=\"--awb-border-color:#ebebeb;--awb-background:#f6f6f6;\"><div class=\"modal-dialog modal-lg\" role=\"document\"><div class=\"modal-content fusion-modal-content\"><div class=\"modal-header\"><button class=\"close\" type=\"button\" data-dismiss=\"modal\" aria-hidden=\"true\" aria-label=\"Close\">&times;<\/button><h3 class=\"modal-title\" id=\"modal-heading-1\" data-dismiss=\"modal\" aria-hidden=\"true\"><\/h3><\/div><div class=\"modal-body fusion-clearfix\">\r\n<iframe src=\"https:\/\/formstack.io\/1618B\" height=\"900\" width=\"100%\"><\/iframe>\r\n<\/div><div class=\"modal-footer\"><button class=\"fusion-button button-default button-medium button default medium\" type=\"button\" data-dismiss=\"modal\">Close<\/button><\/div><\/div><\/div><\/div><\/div><\/div><div class=\"fusion-additional-widget-content\"><\/div><\/div><\/div><\/div>\n<\/div><\/div>\n","protected":false},"excerpt":{"rendered":"<p>Paul Johnson had a good job and was happy with his work as the Texas A&#038;M Forest Service&rsquo;s urban and community forestry program leader. But in 2021, when he heard about a position with Sustainable Forestry Initiative (SFI) as Senior Director of Urban and Community Forestry, he was intrigued. After an interview and talking to his colleagues about SFI, Johnson decided that the opportunity to participate in developing SFI&rsquo;s Urban and Community Forest Sustainability Standard (UCFSS) (SFI 2023a) was too good to pass up.<\/p>\n","protected":false},"author":1,"featured_media":0,"comment_status":"closed","ping_status":"open","sticky":false,"template":"","format":"standard","meta":{"_exactmetrics_skip_tracking":false,"_exactmetrics_sitenote_active":false,"_exactmetrics_sitenote_note":"","_exactmetrics_sitenote_category":0,"footnotes":""},"categories":[546],"tags":[],"wf_post_folders":[456,623],"class_list":["post-793591","post","type-post","status-publish","format-standard","hentry","category-blog"],"yoast_head":"<!-- This site is optimized with the Yoast SEO plugin v27.3 - https:\/\/yoast.com\/product\/yoast-seo-wordpress\/ -->\n<title>An Urban Forest Inflection Point - forests.org<\/title>\n<meta name=\"description\" content=\"Paul Johnson had a good job and was happy with his work as the Texas A&amp;M Forest Service&#039;s urban and community forestry program leader. But in 2021, when he heard about a position with Sustainable Forestry Initiative (SFI) as Senior Director of Urban and Community Forestry, he was intrigued. After an interview and talking to his colleagues about SFI, Johnson decided that the opportunity to participate in developing SFI&#039;s Urban and Community Forest Sustainability Standard (UCFSS) (SFI 2023a) was too good to pass up.\" \/>\n<meta name=\"robots\" content=\"index, follow, max-snippet:-1, max-image-preview:large, max-video-preview:-1\" \/>\n<link rel=\"canonical\" href=\"https:\/\/forests.org\/fr\/an-urban-forest-inflection-point\/\" \/>\n<meta property=\"og:locale\" content=\"fr_FR\" \/>\n<meta property=\"og:type\" content=\"article\" \/>\n<meta property=\"og:title\" content=\"An Urban Forest Inflection Point - forests.org\" \/>\n<meta property=\"og:description\" content=\"Paul Johnson had a good job and was happy with his work as the Texas A&amp;M Forest Service&#039;s urban and community forestry program leader. But in 2021, when he heard about a position with Sustainable Forestry Initiative (SFI) as Senior Director of Urban and Community Forestry, he was intrigued. After an interview and talking to his colleagues about SFI, Johnson decided that the opportunity to participate in developing SFI&#039;s Urban and Community Forest Sustainability Standard (UCFSS) (SFI 2023a) was too good to pass up.\" \/>\n<meta property=\"og:url\" content=\"https:\/\/forests.org\/fr\/an-urban-forest-inflection-point\/\" \/>\n<meta property=\"og:site_name\" content=\"forests.org\" \/>\n<meta property=\"article:publisher\" content=\"https:\/\/www.facebook.com\/SustainableForestryInitiative\" \/>\n<meta property=\"article:published_time\" content=\"2023-12-01T18:05:01+00:00\" \/>\n<meta property=\"article:modified_time\" content=\"2023-12-06T18:45:09+00:00\" \/>\n<meta property=\"og:image\" content=\"https:\/\/forests.org\/wp-content\/uploads\/SFI-social-logo.jpg\" \/>\n\t<meta property=\"og:image:width\" content=\"400\" \/>\n\t<meta property=\"og:image:height\" content=\"218\" \/>\n\t<meta property=\"og:image:type\" content=\"image\/jpeg\" \/>\n<meta name=\"author\" content=\"SFI Admin\" \/>\n<meta name=\"twitter:card\" content=\"summary_large_image\" \/>\n<meta name=\"twitter:creator\" content=\"@sfiprogram\" \/>\n<meta name=\"twitter:site\" content=\"@sfiprogram\" \/>\n<meta name=\"twitter:label1\" content=\"\u00c9crit par\" \/>\n\t<meta name=\"twitter:data1\" content=\"SFI Admin\" \/>\n\t<meta name=\"twitter:label2\" content=\"Dur\u00e9e de lecture estim\u00e9e\" \/>\n\t<meta name=\"twitter:data2\" content=\"15 minutes\" \/>\n<script type=\"application\/ld+json\" class=\"yoast-schema-graph\">{\"@context\":\"https:\\\/\\\/schema.org\",\"@graph\":[{\"@type\":\"Article\",\"@id\":\"https:\\\/\\\/forests.org\\\/fr\\\/an-urban-forest-inflection-point\\\/#article\",\"isPartOf\":{\"@id\":\"https:\\\/\\\/forests.org\\\/fr\\\/an-urban-forest-inflection-point\\\/\"},\"author\":{\"name\":\"SFI Admin\",\"@id\":\"https:\\\/\\\/forests.org\\\/fr\\\/#\\\/schema\\\/person\\\/bad0dce0264624d24e32c8559bb4bc3d\"},\"headline\":\"An Urban Forest Inflection Point\",\"datePublished\":\"2023-12-01T18:05:01+00:00\",\"dateModified\":\"2023-12-06T18:45:09+00:00\",\"mainEntityOfPage\":{\"@id\":\"https:\\\/\\\/forests.org\\\/fr\\\/an-urban-forest-inflection-point\\\/\"},\"wordCount\":4568,\"publisher\":{\"@id\":\"https:\\\/\\\/forests.org\\\/fr\\\/#organization\"},\"articleSection\":[\"SFI Blog\"],\"inLanguage\":\"fr-FR\"},{\"@type\":\"WebPage\",\"@id\":\"https:\\\/\\\/forests.org\\\/fr\\\/an-urban-forest-inflection-point\\\/\",\"url\":\"https:\\\/\\\/forests.org\\\/fr\\\/an-urban-forest-inflection-point\\\/\",\"name\":\"An Urban Forest Inflection Point - forests.org\",\"isPartOf\":{\"@id\":\"https:\\\/\\\/forests.org\\\/fr\\\/#website\"},\"datePublished\":\"2023-12-01T18:05:01+00:00\",\"dateModified\":\"2023-12-06T18:45:09+00:00\",\"description\":\"Paul Johnson had a good job and was happy with his work as the Texas A&M Forest Service's urban and community forestry program leader. But in 2021, when he heard about a position with Sustainable Forestry Initiative (SFI) as Senior Director of Urban and Community Forestry, he was intrigued. After an interview and talking to his colleagues about SFI, Johnson decided that the opportunity to participate in developing SFI's Urban and Community Forest Sustainability Standard (UCFSS) (SFI 2023a) was too good to pass up.\",\"breadcrumb\":{\"@id\":\"https:\\\/\\\/forests.org\\\/fr\\\/an-urban-forest-inflection-point\\\/#breadcrumb\"},\"inLanguage\":\"fr-FR\",\"potentialAction\":[{\"@type\":\"ReadAction\",\"target\":[\"https:\\\/\\\/forests.org\\\/fr\\\/an-urban-forest-inflection-point\\\/\"]}]},{\"@type\":\"BreadcrumbList\",\"@id\":\"https:\\\/\\\/forests.org\\\/fr\\\/an-urban-forest-inflection-point\\\/#breadcrumb\",\"itemListElement\":[{\"@type\":\"ListItem\",\"position\":1,\"name\":\"Home\",\"item\":\"https:\\\/\\\/forests.org\\\/fr\\\/\"},{\"@type\":\"ListItem\",\"position\":2,\"name\":\"An Urban Forest Inflection Point\"}]},{\"@type\":\"WebSite\",\"@id\":\"https:\\\/\\\/forests.org\\\/fr\\\/#website\",\"url\":\"https:\\\/\\\/forests.org\\\/fr\\\/\",\"name\":\"forests.org\",\"description\":\"\",\"publisher\":{\"@id\":\"https:\\\/\\\/forests.org\\\/fr\\\/#organization\"},\"potentialAction\":[{\"@type\":\"SearchAction\",\"target\":{\"@type\":\"EntryPoint\",\"urlTemplate\":\"https:\\\/\\\/forests.org\\\/fr\\\/?s={search_term_string}\"},\"query-input\":{\"@type\":\"PropertyValueSpecification\",\"valueRequired\":true,\"valueName\":\"search_term_string\"}}],\"inLanguage\":\"fr-FR\"},{\"@type\":\"Organization\",\"@id\":\"https:\\\/\\\/forests.org\\\/fr\\\/#organization\",\"name\":\"Sustainable Forestry Initiative\",\"url\":\"https:\\\/\\\/forests.org\\\/fr\\\/\",\"logo\":{\"@type\":\"ImageObject\",\"inLanguage\":\"fr-FR\",\"@id\":\"https:\\\/\\\/forests.org\\\/fr\\\/#\\\/schema\\\/logo\\\/image\\\/\",\"url\":\"https:\\\/\\\/forests.org\\\/wp-content\\\/uploads\\\/Grant-SFI-logo-FI2.jpg\",\"contentUrl\":\"https:\\\/\\\/forests.org\\\/wp-content\\\/uploads\\\/Grant-SFI-logo-FI2.jpg\",\"width\":400,\"height\":400,\"caption\":\"Sustainable Forestry Initiative\"},\"image\":{\"@id\":\"https:\\\/\\\/forests.org\\\/fr\\\/#\\\/schema\\\/logo\\\/image\\\/\"},\"sameAs\":[\"https:\\\/\\\/www.facebook.com\\\/SustainableForestryInitiative\",\"https:\\\/\\\/x.com\\\/sfiprogram\",\"https:\\\/\\\/www.linkedin.com\\\/company\\\/sustainable-forestry-initiative-inc-\",\"https:\\\/\\\/www.youtube.com\\\/user\\\/SFIProgram\"]},{\"@type\":\"Person\",\"@id\":\"https:\\\/\\\/forests.org\\\/fr\\\/#\\\/schema\\\/person\\\/bad0dce0264624d24e32c8559bb4bc3d\",\"name\":\"SFI Admin\",\"image\":{\"@type\":\"ImageObject\",\"inLanguage\":\"fr-FR\",\"@id\":\"https:\\\/\\\/secure.gravatar.com\\\/avatar\\\/a00ed11510f993847d7eec1cefc2e983b4802c3a4250c097ca0f96690e72eaad?s=96&d=mm&r=g\",\"url\":\"https:\\\/\\\/secure.gravatar.com\\\/avatar\\\/a00ed11510f993847d7eec1cefc2e983b4802c3a4250c097ca0f96690e72eaad?s=96&d=mm&r=g\",\"contentUrl\":\"https:\\\/\\\/secure.gravatar.com\\\/avatar\\\/a00ed11510f993847d7eec1cefc2e983b4802c3a4250c097ca0f96690e72eaad?s=96&d=mm&r=g\",\"caption\":\"SFI Admin\"}}]}<\/script>\n<!-- \/ Yoast SEO plugin. -->","yoast_head_json":{"title":"An Urban Forest Inflection Point - forests.org","description":"Paul Johnson had a good job and was happy with his work as the Texas A&M Forest Service's urban and community forestry program leader. But in 2021, when he heard about a position with Sustainable Forestry Initiative (SFI) as Senior Director of Urban and Community Forestry, he was intrigued. After an interview and talking to his colleagues about SFI, Johnson decided that the opportunity to participate in developing SFI's Urban and Community Forest Sustainability Standard (UCFSS) (SFI 2023a) was too good to pass up.","robots":{"index":"index","follow":"follow","max-snippet":"max-snippet:-1","max-image-preview":"max-image-preview:large","max-video-preview":"max-video-preview:-1"},"canonical":"https:\/\/forests.org\/fr\/an-urban-forest-inflection-point\/","og_locale":"fr_FR","og_type":"article","og_title":"An Urban Forest Inflection Point - forests.org","og_description":"Paul Johnson had a good job and was happy with his work as the Texas A&M Forest Service's urban and community forestry program leader. But in 2021, when he heard about a position with Sustainable Forestry Initiative (SFI) as Senior Director of Urban and Community Forestry, he was intrigued. After an interview and talking to his colleagues about SFI, Johnson decided that the opportunity to participate in developing SFI's Urban and Community Forest Sustainability Standard (UCFSS) (SFI 2023a) was too good to pass up.","og_url":"https:\/\/forests.org\/fr\/an-urban-forest-inflection-point\/","og_site_name":"forests.org","article_publisher":"https:\/\/www.facebook.com\/SustainableForestryInitiative","article_published_time":"2023-12-01T18:05:01+00:00","article_modified_time":"2023-12-06T18:45:09+00:00","og_image":[{"width":400,"height":218,"url":"https:\/\/forests.org\/wp-content\/uploads\/SFI-social-logo.jpg","type":"image\/jpeg"}],"author":"SFI Admin","twitter_card":"summary_large_image","twitter_creator":"@sfiprogram","twitter_site":"@sfiprogram","twitter_misc":{"\u00c9crit par":"SFI Admin","Dur\u00e9e de lecture estim\u00e9e":"15 minutes"},"schema":{"@context":"https:\/\/schema.org","@graph":[{"@type":"Article","@id":"https:\/\/forests.org\/fr\/an-urban-forest-inflection-point\/#article","isPartOf":{"@id":"https:\/\/forests.org\/fr\/an-urban-forest-inflection-point\/"},"author":{"name":"SFI Admin","@id":"https:\/\/forests.org\/fr\/#\/schema\/person\/bad0dce0264624d24e32c8559bb4bc3d"},"headline":"An Urban Forest Inflection Point","datePublished":"2023-12-01T18:05:01+00:00","dateModified":"2023-12-06T18:45:09+00:00","mainEntityOfPage":{"@id":"https:\/\/forests.org\/fr\/an-urban-forest-inflection-point\/"},"wordCount":4568,"publisher":{"@id":"https:\/\/forests.org\/fr\/#organization"},"articleSection":["SFI Blog"],"inLanguage":"fr-FR"},{"@type":"WebPage","@id":"https:\/\/forests.org\/fr\/an-urban-forest-inflection-point\/","url":"https:\/\/forests.org\/fr\/an-urban-forest-inflection-point\/","name":"An Urban Forest Inflection Point - forests.org","isPartOf":{"@id":"https:\/\/forests.org\/fr\/#website"},"datePublished":"2023-12-01T18:05:01+00:00","dateModified":"2023-12-06T18:45:09+00:00","description":"Paul Johnson had a good job and was happy with his work as the Texas A&M Forest Service's urban and community forestry program leader. But in 2021, when he heard about a position with Sustainable Forestry Initiative (SFI) as Senior Director of Urban and Community Forestry, he was intrigued. After an interview and talking to his colleagues about SFI, Johnson decided that the opportunity to participate in developing SFI's Urban and Community Forest Sustainability Standard (UCFSS) (SFI 2023a) was too good to pass up.","breadcrumb":{"@id":"https:\/\/forests.org\/fr\/an-urban-forest-inflection-point\/#breadcrumb"},"inLanguage":"fr-FR","potentialAction":[{"@type":"ReadAction","target":["https:\/\/forests.org\/fr\/an-urban-forest-inflection-point\/"]}]},{"@type":"BreadcrumbList","@id":"https:\/\/forests.org\/fr\/an-urban-forest-inflection-point\/#breadcrumb","itemListElement":[{"@type":"ListItem","position":1,"name":"Home","item":"https:\/\/forests.org\/fr\/"},{"@type":"ListItem","position":2,"name":"An Urban Forest Inflection Point"}]},{"@type":"WebSite","@id":"https:\/\/forests.org\/fr\/#website","url":"https:\/\/forests.org\/fr\/","name":"forests.org","description":"","publisher":{"@id":"https:\/\/forests.org\/fr\/#organization"},"potentialAction":[{"@type":"SearchAction","target":{"@type":"EntryPoint","urlTemplate":"https:\/\/forests.org\/fr\/?s={search_term_string}"},"query-input":{"@type":"PropertyValueSpecification","valueRequired":true,"valueName":"search_term_string"}}],"inLanguage":"fr-FR"},{"@type":"Organization","@id":"https:\/\/forests.org\/fr\/#organization","name":"Sustainable Forestry Initiative","url":"https:\/\/forests.org\/fr\/","logo":{"@type":"ImageObject","inLanguage":"fr-FR","@id":"https:\/\/forests.org\/fr\/#\/schema\/logo\/image\/","url":"https:\/\/forests.org\/wp-content\/uploads\/Grant-SFI-logo-FI2.jpg","contentUrl":"https:\/\/forests.org\/wp-content\/uploads\/Grant-SFI-logo-FI2.jpg","width":400,"height":400,"caption":"Sustainable Forestry Initiative"},"image":{"@id":"https:\/\/forests.org\/fr\/#\/schema\/logo\/image\/"},"sameAs":["https:\/\/www.facebook.com\/SustainableForestryInitiative","https:\/\/x.com\/sfiprogram","https:\/\/www.linkedin.com\/company\/sustainable-forestry-initiative-inc-","https:\/\/www.youtube.com\/user\/SFIProgram"]},{"@type":"Person","@id":"https:\/\/forests.org\/fr\/#\/schema\/person\/bad0dce0264624d24e32c8559bb4bc3d","name":"SFI Admin","image":{"@type":"ImageObject","inLanguage":"fr-FR","@id":"https:\/\/secure.gravatar.com\/avatar\/a00ed11510f993847d7eec1cefc2e983b4802c3a4250c097ca0f96690e72eaad?s=96&d=mm&r=g","url":"https:\/\/secure.gravatar.com\/avatar\/a00ed11510f993847d7eec1cefc2e983b4802c3a4250c097ca0f96690e72eaad?s=96&d=mm&r=g","contentUrl":"https:\/\/secure.gravatar.com\/avatar\/a00ed11510f993847d7eec1cefc2e983b4802c3a4250c097ca0f96690e72eaad?s=96&d=mm&r=g","caption":"SFI Admin"}}]}},"_links":{"self":[{"href":"https:\/\/forests.org\/fr\/wp-json\/wp\/v2\/posts\/793591","targetHints":{"allow":["GET"]}}],"collection":[{"href":"https:\/\/forests.org\/fr\/wp-json\/wp\/v2\/posts"}],"about":[{"href":"https:\/\/forests.org\/fr\/wp-json\/wp\/v2\/types\/post"}],"author":[{"embeddable":true,"href":"https:\/\/forests.org\/fr\/wp-json\/wp\/v2\/users\/1"}],"replies":[{"embeddable":true,"href":"https:\/\/forests.org\/fr\/wp-json\/wp\/v2\/comments?post=793591"}],"version-history":[{"count":0,"href":"https:\/\/forests.org\/fr\/wp-json\/wp\/v2\/posts\/793591\/revisions"}],"wp:attachment":[{"href":"https:\/\/forests.org\/fr\/wp-json\/wp\/v2\/media?parent=793591"}],"wp:term":[{"taxonomy":"category","embeddable":true,"href":"https:\/\/forests.org\/fr\/wp-json\/wp\/v2\/categories?post=793591"},{"taxonomy":"post_tag","embeddable":true,"href":"https:\/\/forests.org\/fr\/wp-json\/wp\/v2\/tags?post=793591"},{"taxonomy":"wf_post_folders","embeddable":true,"href":"https:\/\/forests.org\/fr\/wp-json\/wp\/v2\/wf_post_folders?post=793591"}],"curies":[{"name":"wp","href":"https:\/\/api.w.org\/{rel}","templated":true}]}}