{"id":795179,"date":"2024-10-21T11:56:48","date_gmt":"2024-10-21T15:56:48","guid":{"rendered":"https:\/\/forests.org\/?p=795179"},"modified":"2024-10-29T13:04:36","modified_gmt":"2024-10-29T17:04:36","slug":"harmoniser-la-gestion-du-carbone","status":"publish","type":"post","link":"https:\/\/forests.org\/fr\/harmoniser-la-gestion-du-carbone\/","title":{"rendered":"Harmoniser la gestion du carbone et les autres grands objectifs de l\u2019am\u00e9nagement forestier"},"content":{"rendered":"<div class=\"fusion-fullwidth fullwidth-box fusion-builder-row-1 fusion-flex-container has-pattern-background has-mask-background hundred-percent-fullwidth non-hundred-percent-height-scrolling\" style=\"--awb-border-radius-top-left:0px;--awb-border-radius-top-right:0px;--awb-border-radius-bottom-right:0px;--awb-border-radius-bottom-left:0px;--awb-flex-wrap:wrap;\" ><div class=\"fusion-builder-row fusion-row fusion-flex-align-items-flex-start fusion-flex-content-wrap\" style=\"width:104% !important;max-width:104% !important;margin-left: calc(-4% \/ 2 );margin-right: calc(-4% \/ 2 );\"><div class=\"fusion-layout-column fusion_builder_column fusion-builder-column-0 fusion_builder_column_3_4 3_4 fusion-flex-column\" style=\"--awb-bg-size:cover;--awb-width-large:75%;--awb-margin-top-large:0px;--awb-spacing-right-large:2.56%;--awb-margin-bottom-large:20px;--awb-spacing-left-large:2.56%;--awb-width-medium:100%;--awb-order-medium:0;--awb-spacing-right-medium:1.92%;--awb-spacing-left-medium:1.92%;--awb-width-small:100%;--awb-order-small:0;--awb-spacing-right-small:1.92%;--awb-spacing-left-small:1.92%;\"><div class=\"fusion-column-wrapper fusion-column-has-shadow fusion-flex-justify-content-flex-start fusion-content-layout-column\"><div class=\"fusion-text fusion-text-1\"><p>Par Lauren T. Cooper, agente de conservation en chef de la SFI<\/p>\n<p>Ces temps-ci, le carbone et le climat se retrouvent souvent au c\u0153ur des discussions en mati\u00e8re d\u2019am\u00e9nagement forestier, ce qui am\u00e8ne les propri\u00e9taires de terres foresti\u00e8res \u00e0 se demander :\u00a0 \u00ab Qu&rsquo;est-ce que cela signifie pour moi? Comment prendre des d\u00e9cisions \u00e0 partir de ces informations?\u00a0 Comment \u00e9quilibrer ces d\u00e9cisions de gestion avec d&rsquo;autres objectifs, en particulier en tenant compte de mes arbres et de mes for\u00eats dans l\u2019ensemble? \u00bb<\/p>\n<p>\u00c0 la SFI, nous aidons les propri\u00e9taires de terres foresti\u00e8res \u00e0 prendre des mesures pour garantir la p\u00e9rennit\u00e9 de leurs for\u00eats. Les changements climatiques menacent les for\u00eats d&rsquo;Am\u00e9rique du Nord en modifiant les conditions dans lesquelles les arbres grandissent aujourd&rsquo;hui. Cela cr\u00e9e de l&rsquo;incertitude et modifie notre compr\u00e9hension de ce que signifie l\u2019am\u00e9nagement forestier durable. C&rsquo;est pourquoi nous menons des discussions avec les propri\u00e9taires forestiers sur la mani\u00e8re dont ils peuvent <a href=\"https:\/\/forests.org\/fr\/normes\/\">adapter leurs pratiques pour assurer que leurs for\u00eats continuent \u00e0 cro\u00eetre de mani\u00e8re optimale<\/a>. Nous travaillons en \u00e9troite collaboration avec des experts et des propri\u00e9taires fonciers pour combler le foss\u00e9 entre la recherche et la r\u00e9alit\u00e9 sur le terrain, toujours dans le but d&rsquo;aider les propri\u00e9taires de terres foresti\u00e8res \u00e0 prendre des d\u00e9cisions \u00e9clair\u00e9es.<\/p>\n<p><img decoding=\"async\" class=\"lazyload alignright wp-image-795157\" src=\"https:\/\/forests.org\/wp-content\/uploads\/Carbon-Smart-3_web.jpg\" data-orig-src=\"https:\/\/forests.org\/wp-content\/uploads\/Carbon-Smart-3_web.jpg\" alt=\"\" width=\"352\" height=\"264\" srcset=\"data:image\/svg+xml,%3Csvg%20xmlns%3D%27http%3A%2F%2Fwww.w3.org%2F2000%2Fsvg%27%20width%3D%27352%27%20height%3D%27264%27%20viewBox%3D%270%200%20352%20264%27%3E%3Crect%20width%3D%27352%27%20height%3D%27264%27%20fill-opacity%3D%220%22%2F%3E%3C%2Fsvg%3E\" data-srcset=\"https:\/\/forests.org\/wp-content\/uploads\/Carbon-Smart-3_web-200x150.jpg 200w, https:\/\/forests.org\/wp-content\/uploads\/Carbon-Smart-3_web-300x225.jpg 300w, https:\/\/forests.org\/wp-content\/uploads\/Carbon-Smart-3_web-400x300.jpg 400w, https:\/\/forests.org\/wp-content\/uploads\/Carbon-Smart-3_web-500x375.jpg 500w, https:\/\/forests.org\/wp-content\/uploads\/Carbon-Smart-3_web.jpg 504w\" data-sizes=\"auto\" data-orig-sizes=\"(max-width: 352px) 100vw, 352px\" \/>Les for\u00eats s\u00e9questrent beaucoup de carbone. En effet, le r\u00f4le des for\u00eats dans l&rsquo;\u00e9limination des polluants de l&rsquo;air et dans l&rsquo;\u00e9mission d&rsquo;oxyg\u00e8ne est difficile \u00e0 surestimer. Il y a plus de carbone stock\u00e9 dans les terres certifi\u00e9es SFI que n&rsquo;en \u00e9mettraient 30 milliards de voitures \u00e0 essence en un an. Le dioxyde de carbone et les autres gaz \u00e0 effet de serre agissent comme une couverture : ces gaz pi\u00e8gent la chaleur que la Terre diffuserait autrement dans l&rsquo;espace. Les gaz \u00e0 effet de serre, en particulier le dioxyde de carbone, jouent un r\u00f4le crucial dans la r\u00e9gulation de notre climat en pi\u00e9geant la chaleur dans l&rsquo;atmosph\u00e8re, ce qui nous permet de prosp\u00e9rer sur la plan\u00e8te Terre. Cependant, plus les taux de dioxyde de carbone dans l&rsquo;atmosph\u00e8re augmentent, plus la chaleur est retenue, ce qui entra\u00eene une augmentation des temp\u00e9ratures moyennes mondiales et des effets des changements climatiques qui y sont associ\u00e9s. Le carbone que les arbres \u00e9liminent de l&rsquo;atmosph\u00e8re permet \u00e0 la chaleur de la Terre de se dissiper, ce qui contribue \u00e0 att\u00e9nuer le r\u00e9chauffement et \u00e0 maintenir l&rsquo;\u00e9quilibre du syst\u00e8me terrestre. Par cons\u00e9quent, des for\u00eats saines et florissantes qui extraient le carbone de l&rsquo;air repr\u00e9sentent une grande partie de la r\u00e9ponse aux effets des changements climatiques.<\/p>\n<p><img decoding=\"async\" class=\"lazyload alignleft wp-image-795159\" src=\"https:\/\/forests.org\/wp-content\/uploads\/Carbon-Smart-2.jpg\" data-orig-src=\"https:\/\/forests.org\/wp-content\/uploads\/Carbon-Smart-2.jpg\" alt=\"\" width=\"351\" height=\"263\" srcset=\"data:image\/svg+xml,%3Csvg%20xmlns%3D%27http%3A%2F%2Fwww.w3.org%2F2000%2Fsvg%27%20width%3D%27351%27%20height%3D%27263%27%20viewBox%3D%270%200%20351%20263%27%3E%3Crect%20width%3D%27351%27%20height%3D%27263%27%20fill-opacity%3D%220%22%2F%3E%3C%2Fsvg%3E\" data-srcset=\"https:\/\/forests.org\/wp-content\/uploads\/Carbon-Smart-2-200x150.jpg 200w, https:\/\/forests.org\/wp-content\/uploads\/Carbon-Smart-2-300x225.jpg 300w, https:\/\/forests.org\/wp-content\/uploads\/Carbon-Smart-2-400x300.jpg 400w, https:\/\/forests.org\/wp-content\/uploads\/Carbon-Smart-2-500x375.jpg 500w, https:\/\/forests.org\/wp-content\/uploads\/Carbon-Smart-2-600x450.jpg 600w, https:\/\/forests.org\/wp-content\/uploads\/Carbon-Smart-2.jpg 695w\" data-sizes=\"auto\" data-orig-sizes=\"(max-width: 351px) 100vw, 351px\" \/>Les for\u00eats font \u00e9galement partie de la solution aux changements climatiques en tant que source de mat\u00e9riaux durables, y compris l&rsquo;industrie des produits du bois, un secteur caract\u00e9ris\u00e9 par l\u2019innovation constante. Les produits du bois stockent le carbone tout au long de leur cycle de vie et de nombreuses <a href=\"https:\/\/research.fs.usda.gov\/centers\/ccrc\">\u00e9tudes<\/a> d\u00e9montrent que l&rsquo;impact environnemental des <a href=\"https:\/\/forests.org\/fr\/de-meilleures-solutions-pour-le-batiment\/\">mat\u00e9riaux de construction en bois<\/a> est faible par rapport \u00e0 d&rsquo;autres mat\u00e9riaux de construction courants. Les b\u00e2timents en bois massif s&rsquo;inscrivent dans cette tendance fort encourageante qui met l&rsquo;accent sur le carbone stock\u00e9 ainsi que sur la beaut\u00e9 et la durabilit\u00e9 du bois. \u00c0 titre d&rsquo;exemple, le nouveau terminal de l&rsquo;a\u00e9roport de Portland sera dot\u00e9 d&rsquo;un immense toit en bois, provenant en grande partie des <a href=\"https:\/\/www.futureforestsnorthwest.org\/pdx-next\" target=\"_blank\" rel=\"noopener\">for\u00eats de la nation Yakima<\/a>, qui sont certifi\u00e9es selon la <a href=\"https:\/\/forests.org\/fr\/norme-damenagement-forestier-sfi\/\">Norme d\u2019am\u00e9nagement forestier SFI<\/a>.<a href=\"https:\/\/forests.org\/forestmanagementstandard\/\">.<\/a> Le bois peut remplacer d&rsquo;autres mat\u00e9riaux \u00e0 plus forte intensit\u00e9 de carbone pour de nombreux usages, des v\u00eatements aux ustensiles de cuisine en passant par les emballages.<\/p>\n<p>Cela \u00e9tant dit, le carbone n&rsquo;est qu&rsquo;un \u00e9l\u00e9ment d&rsquo;information parmi d&rsquo;autres lorsqu&rsquo;il s&rsquo;agit de l\u2019am\u00e9nagement durable des terres foresti\u00e8res. Parmi les avantages environnementaux et \u00e9conomiques d&rsquo;une for\u00eat saine figure sa capacit\u00e9 \u00e0 absorber et \u00e0 stocker le carbone dans les arbres, le sol et la biomasse. Plut\u00f4t que de se concentrer uniquement sur le stockage et la s\u00e9questration du carbone, il est important de prendre en compte la r\u00e9silience et la sant\u00e9 globales de la for\u00eat. La certification SFI adopte une approche \u00e9quilibr\u00e9e envers la sant\u00e9 des for\u00eats. M\u00eame si la s\u00e9questration du carbone peut sembler \u00eatre une nouvelle valeur pour les for\u00eats, elle s&rsquo;inscrit dans le droit fil de d\u00e9cennies de bonnes pratiques ax\u00e9es sur la durabilit\u00e9 et sur la r\u00e9g\u00e9n\u00e9ration des for\u00eats.<\/p>\n<h5><strong>La SFI est un chef de file de la gestion du carbone forestier <\/strong><\/h5>\n<p>Le bois est une ressource renouvelable qui pr\u00e9sente de nombreux avantages par rapport \u00e0 d&rsquo;autres mat\u00e9riaux plus polluants. N\u00e9anmoins, cela ne signifie pas que nous pouvons supposer que tout le bois r\u00e9colt\u00e9 fait partie de la solution aux changements climatiques. C&rsquo;est l\u00e0 qu&rsquo;intervient la certification selon les <a href=\"https:\/\/forests.org\/fr\/normes\/\">normes de la Sustainable Forestry Initiative<\/a>. Et dans la derni\u00e8re s\u00e9rie de r\u00e9visions apport\u00e9es \u00e0 la Norme d\u2019am\u00e9nagement forestier SFI, nous abordons explicitement cette notion de foresterie adapt\u00e9e \u00e0 l\u2019\u00e9volution du climat. En r\u00e9duisant les \u00e9missions des op\u00e9rations foresti\u00e8res et en pensant \u00e0 la sant\u00e9 des for\u00eats et \u00e0 la r\u00e9silience climatique dans le futur, vous pouvez prendre des mesures en tant que propri\u00e9taire foncier pour vous assurer que votre for\u00eat est saine et qu&rsquo;elle contribue \u00e0 la r\u00e9ponse aux changements climatiques<b>. <\/b><\/p>\n<\/div><\/div><\/div><div class=\"fusion-layout-column fusion_builder_column fusion-builder-column-1 fusion_builder_column_1_4 1_4 fusion-flex-column\" style=\"--awb-bg-size:cover;--awb-width-large:25%;--awb-margin-top-large:0px;--awb-spacing-right-large:7.68%;--awb-margin-bottom-large:20px;--awb-spacing-left-large:5px;--awb-width-medium:100%;--awb-spacing-right-medium:1.92%;--awb-spacing-left-medium:1.92%;--awb-width-small:100%;--awb-spacing-right-small:1.92%;--awb-spacing-left-small:1.92%;\"><div class=\"fusion-column-wrapper fusion-flex-justify-content-flex-start fusion-content-layout-column\"><div class=\"fusion-widget-area awb-widget-area-element fusion-widget-area-1 fusion-content-widget-area\" style=\"--awb-title-color:#6b6b6b;--awb-padding:0px 0px 0px 0px;\"><div id=\"custom_html-50\" class=\"widget_text widget widget_custom_html\" style=\"border-style: solid;border-color:transparent;border-width:0px;\"><div class=\"textwidget custom-html-widget\"><h4><a href=\"\/fr\/sfiinbrief\">SFI EN BREF<\/a><\/h4>\r\n<a href=\"https:\/\/sustainableforestryinitiativeinc.my.salesforce-sites.com\/formstack\/apex\/VisualAntidote__HostedFastForm?h=CIHEF\" target=\"_blank\"><b>INSCRIVEZ-VOUS<\/b><\/a> \u00e0 notre info-lettre mensuelle.\r\n<div class=\"fusion-separator fusion-full-width-sep\" style=\"align-self: center;margin-left: auto;margin-right: auto;margin-top:20px;margin-bottom:10px;width:100%;\"><div class=\"fusion-separator-border sep-single sep-solid\" style=\"--awb-height:20px;--awb-amount:20px;--awb-sep-color:#d6d6d6;border-color:#d6d6d6;border-top-width:1px;\"><\/div><\/div>\r\n<h4><a href=\"\/fr\/blogue-sfi\/\">SFI BLOGUE<\/a><\/h4>\r\n<a href=\"https:\/\/sustainableforestryinitiativeinc.my.salesforce-sites.com\/formstack\/apex\/VisualAntidote__HostedFastForm?h=BB2NL\" target=\"_blank\"><b>INSCRIVEZ-VOUS<\/b><\/a> pour recevoir nos messages.\r\n<div class=\"fusion-separator fusion-full-width-sep\" style=\"align-self: center;margin-left: auto;margin-right: auto;margin-top:20px;margin-bottom:10px;width:100%;\"><div class=\"fusion-separator-border sep-single sep-solid\" style=\"--awb-height:20px;--awb-amount:20px;--awb-sep-color:#d6d6d6;border-color:#d6d6d6;border-top-width:1px;\"><\/div><\/div>\r\n<h4 style=\"margin-top:0px;\" ><a href=\"\/fr\/communiques\/\">COMMUNIQU\u00c9S<\/a><\/h4>\r\n<a href=\"https:\/\/sustainableforestryinitiativeinc.my.salesforce-sites.com\/formstack\/apex\/VisualAntidote__HostedFastForm?h=NXR7Y\" target=\"_blank\"><b>INSCRIVEZ-VOUS<\/b><\/a> pour recevoir les derni\u00e8res nouvelles de SFI.\r\n<div class=\"fusion-separator fusion-full-width-sep\" style=\"align-self: center;margin-left: auto;margin-right: auto;margin-top:20px;margin-bottom:10px;width:100%;\"><div class=\"fusion-separator-border sep-single sep-solid\" style=\"--awb-height:20px;--awb-amount:20px;--awb-sep-color:#d6d6d6;border-color:#d6d6d6;border-top-width:1px;\"><\/div><\/div><\/div><\/div><div id=\"custom_html-37\" class=\"widget_text widget widget_custom_html\" style=\"border-style: solid;border-color:transparent;border-width:0px;\"><div class=\"textwidget custom-html-widget\"><div class=\"fusion-modal modal fade modal-1 Bref-signup\" tabindex=\"-1\" role=\"dialog\" aria-labelledby=\"modal-heading-1\" aria-hidden=\"true\" style=\"--awb-border-color:#ebebeb;--awb-background:#f6f6f6;\"><div class=\"modal-dialog modal-lg\" role=\"document\"><div class=\"modal-content fusion-modal-content\"><div class=\"modal-header\"><button class=\"close\" type=\"button\" data-dismiss=\"modal\" aria-hidden=\"true\" aria-label=\"Close\">&times;<\/button><h3 class=\"modal-title\" id=\"modal-heading-1\" data-dismiss=\"modal\" aria-hidden=\"true\"><\/h3><\/div><div class=\"modal-body fusion-clearfix\">\r\n<iframe src=\"https:\/\/sustainableforestryinitiativeinc.my.salesforce-sites.com\/formstack\/apex\/VisualAntidote__HostedFastForm?h=CIHEF\" height=\"900\" width=\"100%\"><\/iframe>\r\n<\/div><div class=\"modal-footer\"><button class=\"fusion-button button-default button-medium button default medium\" type=\"button\" data-dismiss=\"modal\">Close<\/button><\/div><\/div><\/div><\/div><\/div><\/div><div id=\"custom_html-48\" class=\"widget_text widget widget_custom_html\" style=\"border-style: solid;border-color:transparent;border-width:0px;\"><div class=\"textwidget custom-html-widget\"><div class=\"fusion-modal modal fade modal-2 Blog-signup\" tabindex=\"-1\" role=\"dialog\" aria-labelledby=\"modal-heading-2\" aria-hidden=\"true\" style=\"--awb-border-color:#ebebeb;--awb-background:#f6f6f6;\"><div class=\"modal-dialog modal-lg\" role=\"document\"><div class=\"modal-content fusion-modal-content\"><div class=\"modal-header\"><button class=\"close\" type=\"button\" data-dismiss=\"modal\" aria-hidden=\"true\" aria-label=\"Close\">&times;<\/button><h3 class=\"modal-title\" id=\"modal-heading-2\" data-dismiss=\"modal\" aria-hidden=\"true\"><\/h3><\/div><div class=\"modal-body fusion-clearfix\">\r\n<iframe src=\"https:\/\/sustainableforestryinitiativeinc.my.salesforce-sites.com\/formstack\/apex\/VisualAntidote__HostedFastForm?h=BB2NL\" height=\"650\" width=\"100%\"><\/iframe>\r\n<\/div><div class=\"modal-footer\"><button class=\"fusion-button button-default button-medium button default medium\" type=\"button\" data-dismiss=\"modal\">Close<\/button><\/div><\/div><\/div><\/div>\r\n<\/div><\/div><div id=\"custom_html-49\" class=\"widget_text widget widget_custom_html\" style=\"border-style: solid;border-color:transparent;border-width:0px;\"><div class=\"textwidget custom-html-widget\"><div class=\"fusion-modal modal fade modal-3 News-signup\" tabindex=\"-1\" role=\"dialog\" aria-labelledby=\"modal-heading-3\" aria-hidden=\"true\" style=\"--awb-border-color:#ebebeb;--awb-background:#f6f6f6;\"><div class=\"modal-dialog modal-lg\" role=\"document\"><div class=\"modal-content fusion-modal-content\"><div class=\"modal-header\"><button class=\"close\" type=\"button\" data-dismiss=\"modal\" aria-hidden=\"true\" aria-label=\"Close\">&times;<\/button><h3 class=\"modal-title\" id=\"modal-heading-3\" data-dismiss=\"modal\" aria-hidden=\"true\"><\/h3><\/div><div class=\"modal-body fusion-clearfix\">\r\n<iframe src=\"https:\/\/sustainableforestryinitiativeinc.my.salesforce-sites.com\/formstack\/apex\/VisualAntidote__HostedFastForm?h=NXR7Y\" height=\"650\" width=\"100%\"><\/iframe>\r\n<\/div><div class=\"modal-footer\"><button class=\"fusion-button button-default button-medium button default medium\" type=\"button\" data-dismiss=\"modal\">Close<\/button><\/div><\/div><\/div><\/div><\/div><\/div><div class=\"fusion-additional-widget-content\"><\/div><\/div><\/div><\/div>\n<div class=\"fusion-layout-column fusion_builder_column fusion-builder-column-2 fusion_builder_column_3_4 3_4 fusion-flex-column\" style=\"--awb-bg-color:rgba(130,195,65,0.26);--awb-bg-color-hover:rgba(130,195,65,0.26);--awb-bg-size:cover;--awb-width-large:75%;--awb-margin-top-large:0px;--awb-spacing-right-large:2.56%;--awb-margin-bottom-large:20px;--awb-spacing-left-large:2.56%;--awb-width-medium:100%;--awb-order-medium:0;--awb-spacing-right-medium:1.92%;--awb-spacing-left-medium:1.92%;--awb-width-small:100%;--awb-order-small:0;--awb-spacing-right-small:1.92%;--awb-spacing-left-small:1.92%;\" data-scroll-devices=\"small-visibility,medium-visibility,large-visibility\"><div class=\"fusion-column-wrapper fusion-column-has-shadow fusion-flex-justify-content-flex-start fusion-content-layout-column\"><div class=\"fusion-text fusion-text-2 fusion-text-no-margin\" style=\"--awb-text-color:rgba(0,169,79,0.24);--awb-margin-top:10px;--awb-margin-right:25px;--awb-margin-bottom:10px;--awb-margin-left:25px;\"><h5 style=\"text-align: center;\"><b>La Norme d\u2019am\u00e9nagement forestier de la SFI est claire et pr\u00e9cise \u00e0 cet \u00e9gard. Sous l\u2019Objectif\u00a09 \u2013 Foresterie adapt\u00e9e \u00e0 l\u2019\u00e9volution du climat, la Mesure de performance 9.1 indique que toute organisation certifi\u00e9e sfi doit d\u00e9terminer les incidences possibles des changements climatiques sur les ressources et les activit\u00e9s foresti\u00e8res, y r\u00e9pondre et formuler des objectifs et des strat\u00e9gies d\u2019adaptation appropri\u00e9s. Ces strat\u00e9gies doivent se fonder sur une information scientifique de la plus haute qualit\u00e9.<\/b><\/h5>\n<\/div><\/div><\/div><div class=\"fusion-layout-column fusion_builder_column fusion-builder-column-3 fusion_builder_column_3_4 3_4 fusion-flex-column\" style=\"--awb-bg-size:cover;--awb-width-large:75%;--awb-margin-top-large:0px;--awb-spacing-right-large:2.56%;--awb-margin-bottom-large:20px;--awb-spacing-left-large:2.56%;--awb-width-medium:100%;--awb-order-medium:0;--awb-spacing-right-medium:1.92%;--awb-spacing-left-medium:1.92%;--awb-width-small:100%;--awb-order-small:0;--awb-spacing-right-small:1.92%;--awb-spacing-left-small:1.92%;\"><div class=\"fusion-column-wrapper fusion-column-has-shadow fusion-flex-justify-content-flex-start fusion-content-layout-column\"><div class=\"fusion-text fusion-text-3\"><p>La r\u00e9g\u00e9n\u00e9ration fait partie des normes SFI depuis longtemps, au m\u00eame titre que d&rsquo;autres indicateurs de r\u00e9silience de la sant\u00e9 des for\u00eats. Cela dit, les <a href=\"https:\/\/forests.org\/fr\/le-defi-climatique\/\">changements climatiques<\/a> posent de nouveaux d\u00e9fis \u00e0 la r\u00e9g\u00e9n\u00e9ration, tels que de nouveaux facteurs de stress pour certaines esp\u00e8ces, comme la chaleur, la s\u00e9cheresse, les ravageurs et les esp\u00e8ces envahissantes. La s\u00e9cheresse et la chaleur entra\u00eenent \u00e9galement un risque accru d&rsquo;incendie, qui affecte toutes les esp\u00e8ces et peut entra\u00eener des probl\u00e8mes de r\u00e9g\u00e9n\u00e9ration.<\/p>\n<p><img decoding=\"async\" class=\"lazyload alignleft wp-image-795164\" src=\"https:\/\/forests.org\/wp-content\/uploads\/Carbon-Smart-4_web.jpg\" data-orig-src=\"https:\/\/forests.org\/wp-content\/uploads\/Carbon-Smart-4_web.jpg\" alt=\"\" width=\"251\" height=\"377\" srcset=\"data:image\/svg+xml,%3Csvg%20xmlns%3D%27http%3A%2F%2Fwww.w3.org%2F2000%2Fsvg%27%20width%3D%27251%27%20height%3D%27377%27%20viewBox%3D%270%200%20251%20377%27%3E%3Crect%20width%3D%27251%27%20height%3D%27377%27%20fill-opacity%3D%220%22%2F%3E%3C%2Fsvg%3E\" data-srcset=\"https:\/\/forests.org\/wp-content\/uploads\/Carbon-Smart-4_web-200x300.jpg 200w, https:\/\/forests.org\/wp-content\/uploads\/Carbon-Smart-4_web-400x600.jpg 400w, https:\/\/forests.org\/wp-content\/uploads\/Carbon-Smart-4_web.jpg 480w\" data-sizes=\"auto\" data-orig-sizes=\"(max-width: 251px) 100vw, 251px\" \/>Dans la r\u00e9gion Pacifique Nord-Ouest des \u00c9tats-Unis, 2,8 millions hectares de for\u00eats dans l&rsquo;\u00c9tat de Washington, 405 000 hectares dans l&rsquo;Idaho et 280 000 hectares de for\u00eats dans le Montana sont certifi\u00e9s selon la Norme d\u2019am\u00e9nagement forestier SFI. Pour obtenir la certification SFI, les exploitations foresti\u00e8res doivent faire l&rsquo;objet d&rsquo;audits ind\u00e9pendants afin de s&rsquo;assurer qu&rsquo;elles respectent les exigences de la <a href=\"https:\/\/forests.org\/fr\/norme-damenagement-forestier-sfi\/\">Norme d\u2019am\u00e9nagement forestier SFI 2022<\/a>. Les for\u00eats certifi\u00e9es selon cette norme SFI doivent <a href=\"https:\/\/forests.org\/fr\/fr-conservation\/\">respecter ou d\u00e9passer les exigences et dispositions des lois et de la r\u00e9glementation en mati\u00e8re de conservation de l\u2019environnement<\/a>, de mani\u00e8re \u00e0 prot\u00e9ger l&rsquo;eau et les zones humides, les habitats et la biodiversit\u00e9, et de conserver les esp\u00e8ces v\u00e9g\u00e9tales et animales \u00e0 risque, afin de r\u00e9ussir un audit par une tierce partie. Les normes SFI ont pour objectif d&rsquo;am\u00e9liorer la sant\u00e9 de toutes les for\u00eats, qu&rsquo;elles soient naturelles ou plant\u00e9es.<\/p>\n<p>La <a href=\"https:\/\/forests.org\/fr\/norme-dapprovisionnement-en-fibre-sfi\/\">Norme d\u2019approvisionnement en fibre SFI 2022<\/a> a \u00e9t\u00e9 sp\u00e9cialement con\u00e7ue pour influencer des millions de propri\u00e9taires de terres foresti\u00e8res suppl\u00e9mentaires par le biais de la promotion, de l&rsquo;\u00e9ducation, de la formation et de la sensibilisation. Ceci est accompli de multiples fa\u00e7ons, y compris en abordant la conservation de la biodiversit\u00e9 dans les r\u00e9coltes de bois de coupe achet\u00e9s, et en utilisant les services de professionnels de l&rsquo;exploitation foresti\u00e8re qualifi\u00e9s, de professionnels de l&rsquo;exploitation foresti\u00e8re certifi\u00e9s, et de professionnels des ressources. Les organisations certifi\u00e9es SFI doivent \u00e9galement investir dans la recherche foresti\u00e8re, la science et la technologie, et d\u00e9velopper des syst\u00e8mes de contr\u00f4le v\u00e9rifiables pour \u00e9valuer l&rsquo;utilisation des meilleures pratiques de gestion dans l&rsquo;ensemble de la zone d&rsquo;approvisionnement en bois et en fibres. En outre, la Norme d&rsquo;approvisionnement en fibres SFI exige que les organisations certifi\u00e9es, en collaboration avec des associations et des partenaires, sensibilisent davantage le public aux impacts des changements climatiques sur les for\u00eats, la faune et la flore et la diversit\u00e9 biologique.<\/p>\n<\/div><\/div><\/div><div class=\"fusion-layout-column fusion_builder_column fusion-builder-column-4 fusion_builder_column_3_4 3_4 fusion-flex-column\" style=\"--awb-bg-color:rgba(130,195,65,0.26);--awb-bg-color-hover:rgba(130,195,65,0.26);--awb-bg-size:cover;--awb-width-large:75%;--awb-margin-top-large:0px;--awb-spacing-right-large:2.56%;--awb-margin-bottom-large:20px;--awb-spacing-left-large:2.56%;--awb-width-medium:100%;--awb-order-medium:0;--awb-spacing-right-medium:1.92%;--awb-spacing-left-medium:1.92%;--awb-width-small:100%;--awb-order-small:0;--awb-spacing-right-small:1.92%;--awb-spacing-left-small:1.92%;\" data-scroll-devices=\"small-visibility,medium-visibility,large-visibility\"><div class=\"fusion-column-wrapper fusion-column-has-shadow fusion-flex-justify-content-flex-start fusion-content-layout-column\"><div class=\"fusion-text fusion-text-4 fusion-text-no-margin\" style=\"--awb-text-color:rgba(0,169,79,0.24);--awb-margin-top:10px;--awb-margin-right:25px;--awb-margin-bottom:10px;--awb-margin-left:25px;\"><h5 style=\"text-align: center;\"><b>La Mesure de performance 5.3 de la Norme d\u2019approvisionnement en fibre SFI 2022 stipule que les organisations certifi\u00e9es doivent, \u00ab individuellement ou en collaboration avec les comit\u00e9s de mise en \u0153uvre des normes SFI, des associations ou d\u2019autres partenaires, accroitre la sensibilisation aux incidences des changements climatiques sur les for\u00eats, la faune et la biodiversit\u00e9 \u00bb.<\/b><\/h5>\n<\/div><\/div><\/div><div class=\"fusion-layout-column fusion_builder_column fusion-builder-column-5 fusion_builder_column_3_4 3_4 fusion-flex-column\" style=\"--awb-bg-size:cover;--awb-width-large:75%;--awb-margin-top-large:0px;--awb-spacing-right-large:2.56%;--awb-margin-bottom-large:20px;--awb-spacing-left-large:2.56%;--awb-width-medium:100%;--awb-order-medium:0;--awb-spacing-right-medium:1.92%;--awb-spacing-left-medium:1.92%;--awb-width-small:100%;--awb-order-small:0;--awb-spacing-right-small:1.92%;--awb-spacing-left-small:1.92%;\"><div class=\"fusion-column-wrapper fusion-column-has-shadow fusion-flex-justify-content-flex-start fusion-content-layout-column\"><div class=\"fusion-text fusion-text-5\"><h5><strong>Mise en \u0153uvre de la foresterie intelligente en mati\u00e8re de carbone avec la SFI<\/strong><\/h5>\n<p>\u00c0 la SFI, nous avons de l&rsquo;exp\u00e9rience dans le d\u00e9veloppement d&rsquo;outils et la prestation de conseils pour s&rsquo;assurer que les organisations certifi\u00e9es assurent l\u2019am\u00e9nagement de for\u00eats r\u00e9silientes.\u00a0 Apr\u00e8s avoir ajout\u00e9 les exigences en mati\u00e8re de foresterie climato-intelligente \u00e0 la Norme d\u2019am\u00e9nagement forestier SFI en 2022, nous avons mis en \u0153uvre une s\u00e9rie d&rsquo;ateliers \u00e0 travers l&rsquo;Am\u00e9rique du Nord, y compris dans la r\u00e9gion Pacifique Nord-Ouest des \u00c9tats-Unis, pour \u00e9couter les propri\u00e9taires forestiers et d&rsquo;autres acteurs du secteur. Entre autres, nous avons demand\u00e9 aux partie prenantes : \u00ab Quelles sont les pr\u00e9occupations r\u00e9gionales en mati\u00e8re d&rsquo;adaptation au changement climatique? Quelles sont les actions et les d\u00e9cisions prises actuellement pour r\u00e9pondre \u00e0 ces pr\u00e9occupations? \u00bb Et nous nous sommes associ\u00e9s \u00e0 l&rsquo;Universit\u00e9 de l&rsquo;\u00c9tat du Michigan pour r\u00e9diger un rapport qui sera publi\u00e9 dans quelques mois, d\u00e9taillant les moyens d&rsquo;aborder ces impacts des changements climatiques et de mettre en \u0153uvre les solutions complexes qui s\u2019imposent. Pour ce faire, nous sommes d\u2019avis qu\u2019il faut entreprendre cette r\u00e9flexion \u00e0 l\u2019\u00e9chelle r\u00e9gionale et selon chaque type de for\u00eat sp\u00e9cifique.<\/p>\n<p>Certaines solutions intelligentes en mati\u00e8re de climat sont simples, bien que potentiellement co\u00fbteuses, comme le remplacement des ponceaux pour augmenter le d\u00e9bit de l&rsquo;eau. D&rsquo;autres solutions pourraient impliquer des changements substantiels dans la mani\u00e8re dont nous g\u00e9rons nos for\u00eats. Par exemple, \u00e9tant donn\u00e9 que les esp\u00e8ces individuelles pourraient devenir plus vuln\u00e9rables aux menaces telles que les ravageurs, les agents pathog\u00e8nes ou les incendies \u00e0 l&rsquo;avenir, certains gestionnaires forestiers envisagent d&rsquo;accro\u00eetre la diversit\u00e9 des esp\u00e8ces en tant que strat\u00e9gie de r\u00e9silience climatique. Les changements climatiques exigent que nous fassions place \u00e0 une nouvelle r\u00e9flexion sur l&rsquo;ensemble des pratiques de foresterie \u2013 tant pour la protection des for\u00eats anciennes que pour la gestion plus intensive des ressources foresti\u00e8res.<\/p>\n<p><img decoding=\"async\" class=\"lazyload  wp-image-795162 alignright\" src=\"https:\/\/forests.org\/wp-content\/uploads\/Carbon-Smart-6_web.jpg\" data-orig-src=\"https:\/\/forests.org\/wp-content\/uploads\/Carbon-Smart-6_web.jpg\" alt=\"\" width=\"351\" height=\"234\" srcset=\"data:image\/svg+xml,%3Csvg%20xmlns%3D%27http%3A%2F%2Fwww.w3.org%2F2000%2Fsvg%27%20width%3D%27351%27%20height%3D%27234%27%20viewBox%3D%270%200%20351%20234%27%3E%3Crect%20width%3D%27351%27%20height%3D%27234%27%20fill-opacity%3D%220%22%2F%3E%3C%2Fsvg%3E\" data-srcset=\"https:\/\/forests.org\/wp-content\/uploads\/Carbon-Smart-6_web-200x133.jpg 200w, https:\/\/forests.org\/wp-content\/uploads\/Carbon-Smart-6_web-300x200.jpg 300w, https:\/\/forests.org\/wp-content\/uploads\/Carbon-Smart-6_web-400x267.jpg 400w, https:\/\/forests.org\/wp-content\/uploads\/Carbon-Smart-6_web-500x333.jpg 500w, https:\/\/forests.org\/wp-content\/uploads\/Carbon-Smart-6_web.jpg 504w\" data-sizes=\"auto\" data-orig-sizes=\"(max-width: 351px) 100vw, 351px\" \/>En juin dernier, des centaines de professionnels du secteur forestier se sont r\u00e9unis \u00e0 Atlanta pour le <a href=\"https:\/\/forests.org\/fr\/faits-saillants-du-congres-2024-de-la-sfi\/\">congr\u00e8s annuel 2024 de la SFI<\/a>. J&rsquo;ai anim\u00e9 une table ronde intitul\u00e9e Closing the Gap : Climate Science and Sustainable Forest Management (Combler le foss\u00e9 : la science du climat et la gestion durable des for\u00eats). J&rsquo;ai partag\u00e9 la sc\u00e8ne avec un chercheur scientifique, un cadre du secteur forestier et un dirigeant d&rsquo;une agence f\u00e9d\u00e9rale. Nous avons discut\u00e9 des moyens par lesquels l\u2019am\u00e9nagement forestier judicieux peut am\u00e9liorer le potentiel des for\u00eats \u00e0 s\u00e9questrer et \u00e0 stocker le carbone. La certification SFI et le r\u00e9seau SFI font progresser ces discussions pratiques et relient directement les solutions aux normes.<\/p>\n<p>Le panel a propos\u00e9 des id\u00e9es novatrices \u00e0 mettre en \u0153uvre par les propri\u00e9taires de terres foresti\u00e8res pour rendre leurs for\u00eats plus r\u00e9silientes face aux changements climatiques et plus performantes sur le plan du carbone, y compris :<\/p>\n<ul>\n<li>Installer des ponceaux ou des ponts plus grands pour r\u00e9sister aux pluies plus fortes et aux inondations.<\/li>\n<li>Modifier la conception des routes pour r\u00e9duire le risque qu&rsquo;une inondation les emporte.<\/li>\n<li>Concevoir des routes qui servent aussi de coupe-feu.<\/li>\n<li>Envisager des interventions foresti\u00e8res novatrices telles que la r\u00e9colte de r\u00e9tention, les coupes progressives et la protection des grands arbres.<\/li>\n<li>Modifier le calendrier des r\u00e9coltes afin d&rsquo;\u00e9viter de travailler dans la for\u00eat par temps humide, comme au printemps.<\/li>\n<li>Collaborer avec les d\u00e9tenteurs du savoir traditionnel et les intervenants autochtone pour la mise en \u0153uvre de pratiques d\u2019intendance adapt\u00e9es aux changements climatiques.<\/li>\n<li>Aider \u00e0 la migration des arbres, en tenant compte des esp\u00e8ces qui pourront mieux s\u2019adapter aux conditions climatiques futures.<\/li>\n<\/ul>\n<p>\u00c0 l\u2019Universit\u00e9 d\u2019\u00c9tat du Michigan, j&rsquo;ai r\u00e9ussi \u00e0 lancer le <a href=\"https:\/\/www.canr.msu.edu\/fccp\/\" target=\"_blank\" rel=\"noopener\">Programme \u00ab For\u00eats, Climat et Carbon \u00bb (Forest Carbon and Climate Program)<\/a> pour aider les gens \u00e0 comprendre comment les arbres stockent le carbone et pourquoi les for\u00eats sont des acteurs cl\u00e9s dans la lutte contre les changements climatiques, en travaillant avec d&rsquo;autres scientifiques de la conservation pour transformer des recherches complexes en informations utiles et conviviales pour les propri\u00e9taires de terres foresti\u00e8res. Aujourd&rsquo;hui, au sein de la SFI, je poursuis ce travail important en aidant les organisations certifi\u00e9es SFI, les exploitants forestiers et les consultants en foresterie \u00e0 mieux comprendre et \u00e0 appliquer les normes SFI dans leurs activit\u00e9s quotidiennes. Les <a href=\"https:\/\/forests.org\/fr\/normes\/\">normes SFI<\/a> sont des outils efficaces pour soutenir l&rsquo;augmentation du stockage ou de la s\u00e9questration du carbone, ce qui est un r\u00e9sultat hautement souhaitable en foresterie.<\/p>\n<p>De nouvelles recherches \u00e9largissent sans cesse notre compr\u00e9hension des impacts des changements climatiques, et nous devons donc innover en permanence pour trouver de nouvelles fa\u00e7ons de g\u00e9rer nos for\u00eats afin qu&rsquo;elles puissent relever les d\u00e9fis de l&rsquo;avenir. La SFI s&rsquo;engage \u00e0 interpr\u00e9ter l&rsquo;\u00e9volution rapide de la recherche scientifique pour soutenir la prise de d\u00e9cision afin que le stockage du carbone et la r\u00e9silience climatique puissent \u00eatre pris en compte au m\u00eame titre que d&rsquo;autres valeurs foresti\u00e8res. Les normes SFI fournissent un cadre permettant d&rsquo;accro\u00eetre la rigueur avec laquelle nous prenons soin de nos for\u00eats. Lorsque nous prenons soin de nos for\u00eats avec rigueur, nous optimisons leur potentiel \u00e0 prendre soin de nous en retour.<\/p>\n<p>Une version de cet article a \u00e9t\u00e9 publi\u00e9e (en anglais) dans l&rsquo;\u00e9dition de l&rsquo;automne 2024 du <a href=\"https:\/\/www.wafarmforestry.com\/nwwoodlands\">Northwest Woodlands Magazine<\/a>.<\/p>\n<\/div><\/div><\/div><\/div><\/div>\n","protected":false},"excerpt":{"rendered":"<p>Ces temps-ci, le carbone et le climat se retrouvent souvent au c\u0153ur des discussions en mati\u00e8re d\u2019am\u00e9nagement forestier, ce qui am\u00e8ne les propri\u00e9taires de terres foresti\u00e8res \u00e0 se demander :  \u00ab Qu&rsquo;est-ce que cela signifie pour moi? Comment prendre des d\u00e9cisions \u00e0 partir de ces informations?  Comment \u00e9quilibrer ces d\u00e9cisions de gestion avec d&rsquo;autres objectifs, en particulier en tenant compte de mes arbres et de mes for\u00eats dans l\u2019ensemble? \u00bb<\/p>\n","protected":false},"author":1,"featured_media":0,"comment_status":"closed","ping_status":"open","sticky":false,"template":"","format":"standard","meta":{"_exactmetrics_skip_tracking":false,"_exactmetrics_sitenote_active":false,"_exactmetrics_sitenote_note":"","_exactmetrics_sitenote_category":0,"footnotes":""},"categories":[531,707],"tags":[],"wf_post_folders":[530,456],"class_list":["post-795179","post","type-post","status-publish","format-standard","hentry","category-blogue-sfi","category-blogue-sfi-fr"],"yoast_head":"<!-- This site is optimized with the Yoast SEO plugin v27.3 - https:\/\/yoast.com\/product\/yoast-seo-wordpress\/ -->\n<title>Harmoniser la gestion du carbone et les autres grands objectifs de l\u2019am\u00e9nagement forestier - forests.org<\/title>\n<meta name=\"description\" content=\"Ces temps-ci, le carbone et le climat se retrouvent souvent au c\u0153ur des discussions en mati\u00e8re d\u2019am\u00e9nagement forestier, ce qui am\u00e8ne les propri\u00e9taires de terres foresti\u00e8res \u00e0 se demander : \u00ab Qu&#039;est-ce que cela signifie pour moi? Comment prendre des d\u00e9cisions \u00e0 partir de ces informations? Comment \u00e9quilibrer ces d\u00e9cisions de gestion avec d&#039;autres objectifs, en particulier en tenant compte de mes arbres et de mes for\u00eats dans l\u2019ensemble? \u00bb\" \/>\n<meta name=\"robots\" content=\"index, follow, max-snippet:-1, max-image-preview:large, max-video-preview:-1\" \/>\n<link rel=\"canonical\" href=\"https:\/\/forests.org\/fr\/harmoniser-la-gestion-du-carbone\/\" \/>\n<meta property=\"og:locale\" content=\"fr_FR\" \/>\n<meta property=\"og:type\" content=\"article\" \/>\n<meta property=\"og:title\" content=\"Harmoniser la gestion du carbone et les autres grands objectifs de l\u2019am\u00e9nagement forestier - forests.org\" \/>\n<meta property=\"og:description\" content=\"Ces temps-ci, le carbone et le climat se retrouvent souvent au c\u0153ur des discussions en mati\u00e8re d\u2019am\u00e9nagement forestier, ce qui am\u00e8ne les propri\u00e9taires de terres foresti\u00e8res \u00e0 se demander : \u00ab Qu&#039;est-ce que cela signifie pour moi? Comment prendre des d\u00e9cisions \u00e0 partir de ces informations? Comment \u00e9quilibrer ces d\u00e9cisions de gestion avec d&#039;autres objectifs, en particulier en tenant compte de mes arbres et de mes for\u00eats dans l\u2019ensemble? \u00bb\" \/>\n<meta property=\"og:url\" content=\"https:\/\/forests.org\/fr\/harmoniser-la-gestion-du-carbone\/\" \/>\n<meta property=\"og:site_name\" content=\"forests.org\" \/>\n<meta property=\"article:publisher\" content=\"https:\/\/www.facebook.com\/SustainableForestryInitiative\" \/>\n<meta property=\"article:published_time\" content=\"2024-10-21T15:56:48+00:00\" \/>\n<meta property=\"article:modified_time\" content=\"2024-10-29T17:04:36+00:00\" \/>\n<meta property=\"og:image\" content=\"https:\/\/forests.org\/wp-content\/uploads\/Carbon-Smart-3_web.jpg\" \/>\n\t<meta property=\"og:image:width\" content=\"504\" \/>\n\t<meta property=\"og:image:height\" content=\"378\" \/>\n\t<meta property=\"og:image:type\" content=\"image\/jpeg\" \/>\n<meta name=\"author\" content=\"SFI Admin\" \/>\n<meta name=\"twitter:card\" content=\"summary_large_image\" \/>\n<meta name=\"twitter:creator\" content=\"@sfiprogram\" \/>\n<meta name=\"twitter:site\" content=\"@sfiprogram\" \/>\n<meta name=\"twitter:label1\" content=\"\u00c9crit par\" \/>\n\t<meta name=\"twitter:data1\" content=\"SFI Admin\" \/>\n\t<meta name=\"twitter:label2\" content=\"Dur\u00e9e de lecture estim\u00e9e\" \/>\n\t<meta name=\"twitter:data2\" content=\"11 minutes\" \/>\n<script type=\"application\/ld+json\" class=\"yoast-schema-graph\">{\"@context\":\"https:\\\/\\\/schema.org\",\"@graph\":[{\"@type\":\"Article\",\"@id\":\"https:\\\/\\\/forests.org\\\/fr\\\/harmoniser-la-gestion-du-carbone\\\/#article\",\"isPartOf\":{\"@id\":\"https:\\\/\\\/forests.org\\\/fr\\\/harmoniser-la-gestion-du-carbone\\\/\"},\"author\":{\"name\":\"SFI Admin\",\"@id\":\"https:\\\/\\\/forests.org\\\/fr\\\/#\\\/schema\\\/person\\\/bad0dce0264624d24e32c8559bb4bc3d\"},\"headline\":\"Harmoniser la gestion du carbone et les autres grands objectifs de l\u2019am\u00e9nagement forestier\",\"datePublished\":\"2024-10-21T15:56:48+00:00\",\"dateModified\":\"2024-10-29T17:04:36+00:00\",\"mainEntityOfPage\":{\"@id\":\"https:\\\/\\\/forests.org\\\/fr\\\/harmoniser-la-gestion-du-carbone\\\/\"},\"wordCount\":5722,\"publisher\":{\"@id\":\"https:\\\/\\\/forests.org\\\/fr\\\/#organization\"},\"image\":{\"@id\":\"https:\\\/\\\/forests.org\\\/fr\\\/harmoniser-la-gestion-du-carbone\\\/#primaryimage\"},\"thumbnailUrl\":\"https:\\\/\\\/forests.org\\\/wp-content\\\/uploads\\\/Carbon-Smart-3_web.jpg\",\"articleSection\":[\"Blogue SFI\",\"Blogue SFI\"],\"inLanguage\":\"fr-FR\"},{\"@type\":\"WebPage\",\"@id\":\"https:\\\/\\\/forests.org\\\/fr\\\/harmoniser-la-gestion-du-carbone\\\/\",\"url\":\"https:\\\/\\\/forests.org\\\/fr\\\/harmoniser-la-gestion-du-carbone\\\/\",\"name\":\"Harmoniser la gestion du carbone et les autres grands objectifs de l\u2019am\u00e9nagement forestier - forests.org\",\"isPartOf\":{\"@id\":\"https:\\\/\\\/forests.org\\\/fr\\\/#website\"},\"primaryImageOfPage\":{\"@id\":\"https:\\\/\\\/forests.org\\\/fr\\\/harmoniser-la-gestion-du-carbone\\\/#primaryimage\"},\"image\":{\"@id\":\"https:\\\/\\\/forests.org\\\/fr\\\/harmoniser-la-gestion-du-carbone\\\/#primaryimage\"},\"thumbnailUrl\":\"https:\\\/\\\/forests.org\\\/wp-content\\\/uploads\\\/Carbon-Smart-3_web.jpg\",\"datePublished\":\"2024-10-21T15:56:48+00:00\",\"dateModified\":\"2024-10-29T17:04:36+00:00\",\"description\":\"Ces temps-ci, le carbone et le climat se retrouvent souvent au c\u0153ur des discussions en mati\u00e8re d\u2019am\u00e9nagement forestier, ce qui am\u00e8ne les propri\u00e9taires de terres foresti\u00e8res \u00e0 se demander : \u00ab Qu'est-ce que cela signifie pour moi? Comment prendre des d\u00e9cisions \u00e0 partir de ces informations? Comment \u00e9quilibrer ces d\u00e9cisions de gestion avec d'autres objectifs, en particulier en tenant compte de mes arbres et de mes for\u00eats dans l\u2019ensemble? \u00bb\",\"breadcrumb\":{\"@id\":\"https:\\\/\\\/forests.org\\\/fr\\\/harmoniser-la-gestion-du-carbone\\\/#breadcrumb\"},\"inLanguage\":\"fr-FR\",\"potentialAction\":[{\"@type\":\"ReadAction\",\"target\":[\"https:\\\/\\\/forests.org\\\/fr\\\/harmoniser-la-gestion-du-carbone\\\/\"]}]},{\"@type\":\"ImageObject\",\"inLanguage\":\"fr-FR\",\"@id\":\"https:\\\/\\\/forests.org\\\/fr\\\/harmoniser-la-gestion-du-carbone\\\/#primaryimage\",\"url\":\"https:\\\/\\\/forests.org\\\/wp-content\\\/uploads\\\/Carbon-Smart-3_web.jpg\",\"contentUrl\":\"https:\\\/\\\/forests.org\\\/wp-content\\\/uploads\\\/Carbon-Smart-3_web.jpg\"},{\"@type\":\"BreadcrumbList\",\"@id\":\"https:\\\/\\\/forests.org\\\/fr\\\/harmoniser-la-gestion-du-carbone\\\/#breadcrumb\",\"itemListElement\":[{\"@type\":\"ListItem\",\"position\":1,\"name\":\"Home\",\"item\":\"https:\\\/\\\/forests.org\\\/fr\\\/\"},{\"@type\":\"ListItem\",\"position\":2,\"name\":\"Harmoniser la gestion du carbone et les autres grands objectifs de l\u2019am\u00e9nagement forestier\"}]},{\"@type\":\"WebSite\",\"@id\":\"https:\\\/\\\/forests.org\\\/fr\\\/#website\",\"url\":\"https:\\\/\\\/forests.org\\\/fr\\\/\",\"name\":\"forests.org\",\"description\":\"\",\"publisher\":{\"@id\":\"https:\\\/\\\/forests.org\\\/fr\\\/#organization\"},\"potentialAction\":[{\"@type\":\"SearchAction\",\"target\":{\"@type\":\"EntryPoint\",\"urlTemplate\":\"https:\\\/\\\/forests.org\\\/fr\\\/?s={search_term_string}\"},\"query-input\":{\"@type\":\"PropertyValueSpecification\",\"valueRequired\":true,\"valueName\":\"search_term_string\"}}],\"inLanguage\":\"fr-FR\"},{\"@type\":\"Organization\",\"@id\":\"https:\\\/\\\/forests.org\\\/fr\\\/#organization\",\"name\":\"Sustainable Forestry Initiative\",\"url\":\"https:\\\/\\\/forests.org\\\/fr\\\/\",\"logo\":{\"@type\":\"ImageObject\",\"inLanguage\":\"fr-FR\",\"@id\":\"https:\\\/\\\/forests.org\\\/fr\\\/#\\\/schema\\\/logo\\\/image\\\/\",\"url\":\"https:\\\/\\\/forests.org\\\/wp-content\\\/uploads\\\/Grant-SFI-logo-FI2.jpg\",\"contentUrl\":\"https:\\\/\\\/forests.org\\\/wp-content\\\/uploads\\\/Grant-SFI-logo-FI2.jpg\",\"width\":400,\"height\":400,\"caption\":\"Sustainable Forestry Initiative\"},\"image\":{\"@id\":\"https:\\\/\\\/forests.org\\\/fr\\\/#\\\/schema\\\/logo\\\/image\\\/\"},\"sameAs\":[\"https:\\\/\\\/www.facebook.com\\\/SustainableForestryInitiative\",\"https:\\\/\\\/x.com\\\/sfiprogram\",\"https:\\\/\\\/www.linkedin.com\\\/company\\\/sustainable-forestry-initiative-inc-\",\"https:\\\/\\\/www.youtube.com\\\/user\\\/SFIProgram\"]},{\"@type\":\"Person\",\"@id\":\"https:\\\/\\\/forests.org\\\/fr\\\/#\\\/schema\\\/person\\\/bad0dce0264624d24e32c8559bb4bc3d\",\"name\":\"SFI Admin\",\"image\":{\"@type\":\"ImageObject\",\"inLanguage\":\"fr-FR\",\"@id\":\"https:\\\/\\\/secure.gravatar.com\\\/avatar\\\/a00ed11510f993847d7eec1cefc2e983b4802c3a4250c097ca0f96690e72eaad?s=96&d=mm&r=g\",\"url\":\"https:\\\/\\\/secure.gravatar.com\\\/avatar\\\/a00ed11510f993847d7eec1cefc2e983b4802c3a4250c097ca0f96690e72eaad?s=96&d=mm&r=g\",\"contentUrl\":\"https:\\\/\\\/secure.gravatar.com\\\/avatar\\\/a00ed11510f993847d7eec1cefc2e983b4802c3a4250c097ca0f96690e72eaad?s=96&d=mm&r=g\",\"caption\":\"SFI Admin\"}}]}<\/script>\n<!-- \/ Yoast SEO plugin. -->","yoast_head_json":{"title":"Harmoniser la gestion du carbone et les autres grands objectifs de l\u2019am\u00e9nagement forestier - forests.org","description":"Ces temps-ci, le carbone et le climat se retrouvent souvent au c\u0153ur des discussions en mati\u00e8re d\u2019am\u00e9nagement forestier, ce qui am\u00e8ne les propri\u00e9taires de terres foresti\u00e8res \u00e0 se demander : \u00ab Qu'est-ce que cela signifie pour moi? Comment prendre des d\u00e9cisions \u00e0 partir de ces informations? Comment \u00e9quilibrer ces d\u00e9cisions de gestion avec d'autres objectifs, en particulier en tenant compte de mes arbres et de mes for\u00eats dans l\u2019ensemble? \u00bb","robots":{"index":"index","follow":"follow","max-snippet":"max-snippet:-1","max-image-preview":"max-image-preview:large","max-video-preview":"max-video-preview:-1"},"canonical":"https:\/\/forests.org\/fr\/harmoniser-la-gestion-du-carbone\/","og_locale":"fr_FR","og_type":"article","og_title":"Harmoniser la gestion du carbone et les autres grands objectifs de l\u2019am\u00e9nagement forestier - forests.org","og_description":"Ces temps-ci, le carbone et le climat se retrouvent souvent au c\u0153ur des discussions en mati\u00e8re d\u2019am\u00e9nagement forestier, ce qui am\u00e8ne les propri\u00e9taires de terres foresti\u00e8res \u00e0 se demander : \u00ab Qu'est-ce que cela signifie pour moi? Comment prendre des d\u00e9cisions \u00e0 partir de ces informations? Comment \u00e9quilibrer ces d\u00e9cisions de gestion avec d'autres objectifs, en particulier en tenant compte de mes arbres et de mes for\u00eats dans l\u2019ensemble? \u00bb","og_url":"https:\/\/forests.org\/fr\/harmoniser-la-gestion-du-carbone\/","og_site_name":"forests.org","article_publisher":"https:\/\/www.facebook.com\/SustainableForestryInitiative","article_published_time":"2024-10-21T15:56:48+00:00","article_modified_time":"2024-10-29T17:04:36+00:00","og_image":[{"width":504,"height":378,"url":"https:\/\/forests.org\/wp-content\/uploads\/Carbon-Smart-3_web.jpg","type":"image\/jpeg"}],"author":"SFI Admin","twitter_card":"summary_large_image","twitter_creator":"@sfiprogram","twitter_site":"@sfiprogram","twitter_misc":{"\u00c9crit par":"SFI Admin","Dur\u00e9e de lecture estim\u00e9e":"11 minutes"},"schema":{"@context":"https:\/\/schema.org","@graph":[{"@type":"Article","@id":"https:\/\/forests.org\/fr\/harmoniser-la-gestion-du-carbone\/#article","isPartOf":{"@id":"https:\/\/forests.org\/fr\/harmoniser-la-gestion-du-carbone\/"},"author":{"name":"SFI Admin","@id":"https:\/\/forests.org\/fr\/#\/schema\/person\/bad0dce0264624d24e32c8559bb4bc3d"},"headline":"Harmoniser la gestion du carbone et les autres grands objectifs de l\u2019am\u00e9nagement forestier","datePublished":"2024-10-21T15:56:48+00:00","dateModified":"2024-10-29T17:04:36+00:00","mainEntityOfPage":{"@id":"https:\/\/forests.org\/fr\/harmoniser-la-gestion-du-carbone\/"},"wordCount":5722,"publisher":{"@id":"https:\/\/forests.org\/fr\/#organization"},"image":{"@id":"https:\/\/forests.org\/fr\/harmoniser-la-gestion-du-carbone\/#primaryimage"},"thumbnailUrl":"https:\/\/forests.org\/wp-content\/uploads\/Carbon-Smart-3_web.jpg","articleSection":["Blogue SFI","Blogue SFI"],"inLanguage":"fr-FR"},{"@type":"WebPage","@id":"https:\/\/forests.org\/fr\/harmoniser-la-gestion-du-carbone\/","url":"https:\/\/forests.org\/fr\/harmoniser-la-gestion-du-carbone\/","name":"Harmoniser la gestion du carbone et les autres grands objectifs de l\u2019am\u00e9nagement forestier - forests.org","isPartOf":{"@id":"https:\/\/forests.org\/fr\/#website"},"primaryImageOfPage":{"@id":"https:\/\/forests.org\/fr\/harmoniser-la-gestion-du-carbone\/#primaryimage"},"image":{"@id":"https:\/\/forests.org\/fr\/harmoniser-la-gestion-du-carbone\/#primaryimage"},"thumbnailUrl":"https:\/\/forests.org\/wp-content\/uploads\/Carbon-Smart-3_web.jpg","datePublished":"2024-10-21T15:56:48+00:00","dateModified":"2024-10-29T17:04:36+00:00","description":"Ces temps-ci, le carbone et le climat se retrouvent souvent au c\u0153ur des discussions en mati\u00e8re d\u2019am\u00e9nagement forestier, ce qui am\u00e8ne les propri\u00e9taires de terres foresti\u00e8res \u00e0 se demander : \u00ab Qu'est-ce que cela signifie pour moi? Comment prendre des d\u00e9cisions \u00e0 partir de ces informations? Comment \u00e9quilibrer ces d\u00e9cisions de gestion avec d'autres objectifs, en particulier en tenant compte de mes arbres et de mes for\u00eats dans l\u2019ensemble? \u00bb","breadcrumb":{"@id":"https:\/\/forests.org\/fr\/harmoniser-la-gestion-du-carbone\/#breadcrumb"},"inLanguage":"fr-FR","potentialAction":[{"@type":"ReadAction","target":["https:\/\/forests.org\/fr\/harmoniser-la-gestion-du-carbone\/"]}]},{"@type":"ImageObject","inLanguage":"fr-FR","@id":"https:\/\/forests.org\/fr\/harmoniser-la-gestion-du-carbone\/#primaryimage","url":"https:\/\/forests.org\/wp-content\/uploads\/Carbon-Smart-3_web.jpg","contentUrl":"https:\/\/forests.org\/wp-content\/uploads\/Carbon-Smart-3_web.jpg"},{"@type":"BreadcrumbList","@id":"https:\/\/forests.org\/fr\/harmoniser-la-gestion-du-carbone\/#breadcrumb","itemListElement":[{"@type":"ListItem","position":1,"name":"Home","item":"https:\/\/forests.org\/fr\/"},{"@type":"ListItem","position":2,"name":"Harmoniser la gestion du carbone et les autres grands objectifs de l\u2019am\u00e9nagement forestier"}]},{"@type":"WebSite","@id":"https:\/\/forests.org\/fr\/#website","url":"https:\/\/forests.org\/fr\/","name":"forests.org","description":"","publisher":{"@id":"https:\/\/forests.org\/fr\/#organization"},"potentialAction":[{"@type":"SearchAction","target":{"@type":"EntryPoint","urlTemplate":"https:\/\/forests.org\/fr\/?s={search_term_string}"},"query-input":{"@type":"PropertyValueSpecification","valueRequired":true,"valueName":"search_term_string"}}],"inLanguage":"fr-FR"},{"@type":"Organization","@id":"https:\/\/forests.org\/fr\/#organization","name":"Sustainable Forestry Initiative","url":"https:\/\/forests.org\/fr\/","logo":{"@type":"ImageObject","inLanguage":"fr-FR","@id":"https:\/\/forests.org\/fr\/#\/schema\/logo\/image\/","url":"https:\/\/forests.org\/wp-content\/uploads\/Grant-SFI-logo-FI2.jpg","contentUrl":"https:\/\/forests.org\/wp-content\/uploads\/Grant-SFI-logo-FI2.jpg","width":400,"height":400,"caption":"Sustainable Forestry Initiative"},"image":{"@id":"https:\/\/forests.org\/fr\/#\/schema\/logo\/image\/"},"sameAs":["https:\/\/www.facebook.com\/SustainableForestryInitiative","https:\/\/x.com\/sfiprogram","https:\/\/www.linkedin.com\/company\/sustainable-forestry-initiative-inc-","https:\/\/www.youtube.com\/user\/SFIProgram"]},{"@type":"Person","@id":"https:\/\/forests.org\/fr\/#\/schema\/person\/bad0dce0264624d24e32c8559bb4bc3d","name":"SFI Admin","image":{"@type":"ImageObject","inLanguage":"fr-FR","@id":"https:\/\/secure.gravatar.com\/avatar\/a00ed11510f993847d7eec1cefc2e983b4802c3a4250c097ca0f96690e72eaad?s=96&d=mm&r=g","url":"https:\/\/secure.gravatar.com\/avatar\/a00ed11510f993847d7eec1cefc2e983b4802c3a4250c097ca0f96690e72eaad?s=96&d=mm&r=g","contentUrl":"https:\/\/secure.gravatar.com\/avatar\/a00ed11510f993847d7eec1cefc2e983b4802c3a4250c097ca0f96690e72eaad?s=96&d=mm&r=g","caption":"SFI Admin"}}]}},"_links":{"self":[{"href":"https:\/\/forests.org\/fr\/wp-json\/wp\/v2\/posts\/795179","targetHints":{"allow":["GET"]}}],"collection":[{"href":"https:\/\/forests.org\/fr\/wp-json\/wp\/v2\/posts"}],"about":[{"href":"https:\/\/forests.org\/fr\/wp-json\/wp\/v2\/types\/post"}],"author":[{"embeddable":true,"href":"https:\/\/forests.org\/fr\/wp-json\/wp\/v2\/users\/1"}],"replies":[{"embeddable":true,"href":"https:\/\/forests.org\/fr\/wp-json\/wp\/v2\/comments?post=795179"}],"version-history":[{"count":0,"href":"https:\/\/forests.org\/fr\/wp-json\/wp\/v2\/posts\/795179\/revisions"}],"wp:attachment":[{"href":"https:\/\/forests.org\/fr\/wp-json\/wp\/v2\/media?parent=795179"}],"wp:term":[{"taxonomy":"category","embeddable":true,"href":"https:\/\/forests.org\/fr\/wp-json\/wp\/v2\/categories?post=795179"},{"taxonomy":"post_tag","embeddable":true,"href":"https:\/\/forests.org\/fr\/wp-json\/wp\/v2\/tags?post=795179"},{"taxonomy":"wf_post_folders","embeddable":true,"href":"https:\/\/forests.org\/fr\/wp-json\/wp\/v2\/wf_post_folders?post=795179"}],"curies":[{"name":"wp","href":"https:\/\/api.w.org\/{rel}","templated":true}]}}